{"id":243292,"date":"2018-10-21T10:20:41","date_gmt":"2018-10-21T08:20:41","guid":{"rendered":"https:\/\/hashtag.al\/?p=243292"},"modified":"2018-10-21T10:21:36","modified_gmt":"2018-10-21T08:21:36","slug":"gjermania-ngrin-shitjen-e-armeve-ndaj-arabise-saudite-kerkon-sqarim-per-vdekjen-e-gazetarit","status":"publish","type":"post","link":"https:\/\/www.hashtag.al\/index.php\/2018\/10\/21\/gjermania-ngrin-shitjen-e-armeve-ndaj-arabise-saudite-kerkon-sqarim-per-vdekjen-e-gazetarit\/","title":{"rendered":"Gjermania &#8220;ngrin&#8221; shitjen e arm\u00ebve ndaj Arabis\u00eb Saudite, k\u00ebrkon sqarim p\u00ebr vdekjen e gazetarit","gt_translate_keys":[{"key":"rendered","format":"text"}]},"content":{"rendered":"<p><img loading=\"lazy\" decoding=\"async\" class=\"aligncenter size-full wp-image-243293\" src=\"https:\/\/hashtag.al\/wp-content\/uploads\/2018\/10\/merkel-selman.jpg\" alt=\"\" width=\"900\" height=\"506\" srcset=\"https:\/\/www.hashtag.al\/wp-content\/uploads\/2018\/10\/merkel-selman.jpg 900w, https:\/\/www.hashtag.al\/wp-content\/uploads\/2018\/10\/merkel-selman-300x169.jpg 300w, https:\/\/www.hashtag.al\/wp-content\/uploads\/2018\/10\/merkel-selman-768x432.jpg 768w\" sizes=\"auto, (max-width: 900px) 100vw, 900px\" \/><\/p>\n<p><span style=\"color: #000000;\">Krer\u00ebt e BE-s\u00eb, k\u00ebrkojn\u00eb nj\u00eb hetim m\u00eb t\u00eb thelluar lidhur me vdekjen e gazetarit arabo-saudit, Khashoggi, n\u00eb konsullat\u00ebn e vendit n\u00eb Turqi. <\/span><\/p>\n<p><span style=\"color: #000000;\">Ata nuk jan\u00eb t\u00eb bindur me versionin e Riadit zyrtar dhe p\u00ebr k\u00ebt\u00eb arsye, Gjermania ka ngrir\u00eb marr\u00ebveshjen e arm\u00ebve me Arabin\u00eb derisa hetimi t\u00eb p\u00ebrfundoj\u00eb.<\/span><\/p>\n<p><span style=\"color: #000000;\">Gjermania, Franca dhe BE-ja than\u00eb se duan m\u00eb shum\u00eb informacione nga Arabia Saudite, duke k\u00ebrkuar nj\u00eb hetim t\u00eb plot\u00eb dhe &#8220;llogaridh\u00ebnie&#8221; rreth vdekjes s\u00eb Khashoggit.<\/span><\/p>\n<p><span style=\"color: #000000;\">Ministri i jasht\u00ebm francez Jean-Yves Le Drian tha se Paris &#8220;e d\u00ebnon k\u00ebt\u00eb vrasje n\u00eb m\u00ebnyr\u00ebn m\u00eb t\u00eb ashp\u00ebr &#8220;.<\/span><\/p>\n<p><span style=\"color: #000000;\">Ai vuri n\u00eb dukje se, nd\u00ebrsa pranimi i vdekjes s\u00eb gazetarit nga Riadi n\u00eb mbr\u00ebmjen e premte ishte &#8220;hapi i par\u00eb drejt vendosjes s\u00eb s\u00eb v\u00ebrtet\u00ebs&#8221;, ende mbeten shum\u00eb pyetje q\u00eb k\u00ebrkojn\u00eb p\u00ebrgjigje.<\/span><\/p>\n<p><span style=\"color: #000000;\"><em>&#8220;Informacioni i disponuesh\u00ebm p\u00ebr ngjarjet n\u00eb konsullat\u00ebn e Stambollit \u00ebsht\u00eb jo i p\u00ebrshtatsh\u00ebm&#8221;<\/em>, thuhet n\u00eb nj\u00eb deklarat\u00eb e p\u00ebrbashk\u00ebt t\u00eb Kancelares gjermane Merkel dhe ministrit t\u00eb Jasht\u00ebm, Maas.<\/span><\/p>\n<p><img loading=\"lazy\" decoding=\"async\" class=\"aligncenter size-full wp-image-243295\" src=\"https:\/\/hashtag.al\/wp-content\/uploads\/2018\/10\/Trump.jpg\" alt=\"\" width=\"900\" height=\"506\" srcset=\"https:\/\/www.hashtag.al\/wp-content\/uploads\/2018\/10\/Trump.jpg 900w, https:\/\/www.hashtag.al\/wp-content\/uploads\/2018\/10\/Trump-300x169.jpg 300w, https:\/\/www.hashtag.al\/wp-content\/uploads\/2018\/10\/Trump-768x432.jpg 768w\" sizes=\"auto, (max-width: 900px) 100vw, 900px\" \/><\/p>\n","protected":false,"gt_translate_keys":[{"key":"rendered","format":"html"}]},"excerpt":{"rendered":"<p>Krer\u00ebt e BE-s\u00eb, k\u00ebrkojn\u00eb nj\u00eb hetim m\u00eb t\u00eb thelluar lidhur me vdekjen e gazetarit arabo-saudit, Khashoggi, n\u00eb konsullat\u00ebn e vendit n\u00eb Turqi. Ata nuk jan\u00eb t\u00eb bindur me versionin e Riadit zyrtar dhe p\u00ebr k\u00ebt\u00eb arsye, Gjermania ka ngrir\u00eb marr\u00ebveshjen e arm\u00ebve me Arabin\u00eb derisa hetimi t\u00eb p\u00ebrfundoj\u00eb. Gjermania, Franca dhe BE-ja than\u00eb se duan [&hellip;]<\/p>\n","protected":false,"gt_translate_keys":[{"key":"rendered","format":"html"}]},"author":51,"featured_media":243294,"comment_status":"open","ping_status":"open","sticky":false,"template":"","format":"standard","meta":{"footnotes":""},"categories":[6],"tags":[],"class_list":["post-243292","post","type-post","status-publish","format-standard","has-post-thumbnail","hentry","category-nderkombetare"],"gt_translate_keys":[{"key":"link","format":"url"}],"_links":{"self":[{"href":"https:\/\/www.hashtag.al\/index.php\/wp-json\/wp\/v2\/posts\/243292","targetHints":{"allow":["GET"]}}],"collection":[{"href":"https:\/\/www.hashtag.al\/index.php\/wp-json\/wp\/v2\/posts"}],"about":[{"href":"https:\/\/www.hashtag.al\/index.php\/wp-json\/wp\/v2\/types\/post"}],"author":[{"embeddable":true,"href":"https:\/\/www.hashtag.al\/index.php\/wp-json\/wp\/v2\/users\/51"}],"replies":[{"embeddable":true,"href":"https:\/\/www.hashtag.al\/index.php\/wp-json\/wp\/v2\/comments?post=243292"}],"version-history":[{"count":0,"href":"https:\/\/www.hashtag.al\/index.php\/wp-json\/wp\/v2\/posts\/243292\/revisions"}],"wp:featuredmedia":[{"embeddable":true,"href":"https:\/\/www.hashtag.al\/index.php\/wp-json\/wp\/v2\/media\/243294"}],"wp:attachment":[{"href":"https:\/\/www.hashtag.al\/index.php\/wp-json\/wp\/v2\/media?parent=243292"}],"wp:term":[{"taxonomy":"category","embeddable":true,"href":"https:\/\/www.hashtag.al\/index.php\/wp-json\/wp\/v2\/categories?post=243292"},{"taxonomy":"post_tag","embeddable":true,"href":"https:\/\/www.hashtag.al\/index.php\/wp-json\/wp\/v2\/tags?post=243292"}],"curies":[{"name":"wp","href":"https:\/\/api.w.org\/{rel}","templated":true}]}}