{"id":242915,"date":"2018-10-19T17:04:29","date_gmt":"2018-10-19T15:04:29","guid":{"rendered":"https:\/\/hashtag.al\/?p=242915"},"modified":"2018-10-19T17:05:40","modified_gmt":"2018-10-19T15:05:40","slug":"po-braktisim-shkollen-ahmetaj-nese-je-burre-hajde-ne-kryevidh-aty-ku-more-votat","status":"publish","type":"post","link":"https:\/\/www.hashtag.al\/index.php\/2018\/10\/19\/po-braktisim-shkollen-ahmetaj-nese-je-burre-hajde-ne-kryevidh-aty-ku-more-votat\/","title":{"rendered":"&#8220;Po braktisim shkoll\u00ebn, Ahmetaj n\u00ebse je burr\u00eb hajde n\u00eb Kryevidh, aty ku more votat&#8221;","gt_translate_keys":[{"key":"rendered","format":"text"}]},"content":{"rendered":"<p><img loading=\"lazy\" decoding=\"async\" class=\"alignnone wp-image-220423\" src=\"https:\/\/hashtag.al\/wp-content\/uploads\/2018\/07\/Ahmetaj-e1533038186644.jpg\" alt=\"\" width=\"758\" height=\"546\" \/><\/p>\n<p>Nx\u00ebn\u00ebsit e zon\u00ebs s\u00eb Kryevidhit n\u00eb Kavaj\u00eb kan\u00eb denoncuar deputetin e zon\u00ebs Arben Ahmetaj lidhur me problematik\u00ebn q\u00eb lidhet me transportimin e tyre p\u00ebr n\u00eb shkolla.<\/p>\n<p>Sali Berisha ka publikuar mesazh q\u00eb sipas tij ia kan\u00eb d\u00ebrguar nx\u00ebn\u00ebsit e Kryevidhit q\u00eb b\u00ebjn\u00eb gjimnazin n\u00eb Luz pasi u \u00ebsht\u00eb hequr transporti nga qeveria Rama.<\/p>\n<p><strong>Denoncimi te Berisha:\u00a0<\/strong><\/p>\n<p>Nxenesi nga Kryevidhi denoncon pseudodeputetin, mashtruesin Zho Zho!Lexoni denoncimin e tij.<\/p>\n<p>Pershendetje doktor!Jam nje nxenes ne gjimnazin e luzit,dhe po ju shkruaj ne lidhje me transportin e nxenesve!<\/p>\n<div class=\"text_exposed_show\">\n<p>Kandidat per partine socialiste ne kryevidh ,ishte arben ahmetaj,qe duke perdor metoden e tij te mashtrimit,blerjes dhe presionit,arriti te fitoje!<\/p>\n<p>Dua ti them nja dy fjale arben ahmetajt :nese eshte burre le te vije te perballet me rinine e kryevidhit ,nese eshte burre dhe te vije ta filloje llogaridhenien pikerisht nga vendi ku mori votat dhe e shkaterroi pikerisht ktu nga kryevidhi!<\/p>\n<p>Dhe te vije te mesoje pergjithen e merituar qe do mori!<\/p>\n<p>Une qe ju shkuaj po ju flas ne emer te gjithe shokeve te mi nga kryevidhi dhe zonat e kryevidhit,qe bejne shkollen ne luz,pasi kam biseduar mire me to,pasi e di gjendjen e tyre ekonomike,dhe cdo veshtiresi te tyre per te ardhe ne shkolle!<\/p>\n<p>Disa mi kane sjelle dhe msg! Ne jemi mbi 45 nxenes nga kryevidhi qe bejme gjimnazin ne luz,me pare kishte mjete transporti,por qe vitin e kaluar,na u hoqen,qeveria e (krimit) si paguan me,gje e cila demton ekonomikisht gjendjen ekonomike te njerezve!<\/p>\n<p>Heqja e transportit te nxenesve gje e cila demtoi rende dhe nxenesit,duke i detyruar te linin shkollen,ku mbi 6 nxenes vjet e lane ne mes te vitit shkollen. Ku mbi 10 nxenes kete vit nuk e vazhduan!<\/p>\n<p>Per ministren e arsimit ndoshta nuk eshte nje shum e madhe ajo qe paguajme ,por per mua si nxenes dhe per nxenesit e tjere eshte shum,<\/p>\n<p>Pasi ne te kryevidhit paguajme:1400 leke te vjetra ne dite,28 mij leke ne muaj<\/p>\n<p>Ndersa ato te zonave si te spillese dhe grethit paguajne 2000 leke te vjetra ne dite ,dhe 40 mij leke ne muaj!<\/p>\n<p>Eshte nje shume e madhe ,pasi njerezit ne kryevidh nuk kane te ardhura,ose te ardhurat mujore,nga puna tyre se kalojne 100,150 milek ne muaj,por cdo besh me pare me keto leke?<\/p>\n<p>Disa nxenes u detyruan ta lenin shkollen,<\/p>\n<p>Disa se vazhduan<\/p>\n<p>Disa marrin leke borxhe ta fillojne,<\/p>\n<p>Disa te tjere i sheh neper shkolle te merzitur,dhe as nuk hajne as nuk pijne asgje,sepse do paguajne rrugen qe do vijne ne shkolle me ato leke!<\/p>\n<p>Doktor ministrja e arsimit ne vend qe te merret me fjale boshe ,ne vend qe te mburret per arritje ne arsime qe ne te vertete ka vetem shkaterrim ,le te vije se bashku me ahmetajn qe qekur u be deputet se ka pare me askush ne kryevidh,dhe si ka hap tel askujt ,te vije te degjoje keto nxenes!<\/p>\n<p>Te vije te jap pergjigje per kete te keqe te madhe qe u ka bere banoreve te kryevidhit!<\/p>\n<p><img loading=\"lazy\" decoding=\"async\" class=\"alignnone size-full wp-image-242663\" src=\"https:\/\/hashtag.al\/wp-content\/uploads\/2018\/10\/berisha-4.jpg\" alt=\"\" width=\"860\" height=\"492\" srcset=\"https:\/\/www.hashtag.al\/wp-content\/uploads\/2018\/10\/berisha-4.jpg 860w, https:\/\/www.hashtag.al\/wp-content\/uploads\/2018\/10\/berisha-4-300x172.jpg 300w, https:\/\/www.hashtag.al\/wp-content\/uploads\/2018\/10\/berisha-4-768x439.jpg 768w\" sizes=\"auto, (max-width: 860px) 100vw, 860px\" \/><\/p>\n<p>&nbsp;<\/p>\n<\/div>\n","protected":false,"gt_translate_keys":[{"key":"rendered","format":"html"}]},"excerpt":{"rendered":"<p>Nx\u00ebn\u00ebsit e zon\u00ebs s\u00eb Kryevidhit n\u00eb Kavaj\u00eb kan\u00eb denoncuar deputetin e zon\u00ebs Arben Ahmetaj lidhur me problematik\u00ebn q\u00eb lidhet me transportimin e tyre p\u00ebr n\u00eb shkolla. Sali Berisha ka publikuar mesazh q\u00eb sipas tij ia kan\u00eb d\u00ebrguar nx\u00ebn\u00ebsit e Kryevidhit q\u00eb b\u00ebjn\u00eb gjimnazin n\u00eb Luz pasi u \u00ebsht\u00eb hequr transporti nga qeveria Rama. Denoncimi te [&hellip;]<\/p>\n","protected":false,"gt_translate_keys":[{"key":"rendered","format":"html"}]},"author":30,"featured_media":220423,"comment_status":"open","ping_status":"open","sticky":false,"template":"","format":"standard","meta":{"footnotes":""},"categories":[65],"tags":[],"class_list":["post-242915","post","type-post","status-publish","format-standard","has-post-thumbnail","hentry","category-lajme"],"gt_translate_keys":[{"key":"link","format":"url"}],"_links":{"self":[{"href":"https:\/\/www.hashtag.al\/index.php\/wp-json\/wp\/v2\/posts\/242915","targetHints":{"allow":["GET"]}}],"collection":[{"href":"https:\/\/www.hashtag.al\/index.php\/wp-json\/wp\/v2\/posts"}],"about":[{"href":"https:\/\/www.hashtag.al\/index.php\/wp-json\/wp\/v2\/types\/post"}],"author":[{"embeddable":true,"href":"https:\/\/www.hashtag.al\/index.php\/wp-json\/wp\/v2\/users\/30"}],"replies":[{"embeddable":true,"href":"https:\/\/www.hashtag.al\/index.php\/wp-json\/wp\/v2\/comments?post=242915"}],"version-history":[{"count":0,"href":"https:\/\/www.hashtag.al\/index.php\/wp-json\/wp\/v2\/posts\/242915\/revisions"}],"wp:featuredmedia":[{"embeddable":true,"href":"https:\/\/www.hashtag.al\/index.php\/wp-json\/"}],"wp:attachment":[{"href":"https:\/\/www.hashtag.al\/index.php\/wp-json\/wp\/v2\/media?parent=242915"}],"wp:term":[{"taxonomy":"category","embeddable":true,"href":"https:\/\/www.hashtag.al\/index.php\/wp-json\/wp\/v2\/categories?post=242915"},{"taxonomy":"post_tag","embeddable":true,"href":"https:\/\/www.hashtag.al\/index.php\/wp-json\/wp\/v2\/tags?post=242915"}],"curies":[{"name":"wp","href":"https:\/\/api.w.org\/{rel}","templated":true}]}}