{"id":242752,"date":"2018-10-18T23:41:49","date_gmt":"2018-10-18T21:41:49","guid":{"rendered":"https:\/\/hashtag.al\/?p=242752"},"modified":"2018-10-18T23:42:28","modified_gmt":"2018-10-18T21:42:28","slug":"ke-leter-italise-per-buxhetin-shkel-politikat-fiskale-te-be-se","status":"publish","type":"post","link":"https:\/\/www.hashtag.al\/index.php\/2018\/10\/18\/ke-leter-italise-per-buxhetin-shkel-politikat-fiskale-te-be-se\/","title":{"rendered":"KE let\u00ebr Italis\u00eb p\u00ebr buxhetin: Shkel politikat fiskale t\u00eb BE-s\u00eb","gt_translate_keys":[{"key":"rendered","format":"text"}]},"content":{"rendered":"<p><img loading=\"lazy\" decoding=\"async\" class=\"aligncenter size-full wp-image-242753\" src=\"https:\/\/hashtag.al\/wp-content\/uploads\/2018\/10\/eru-itali.jpg\" alt=\"\" width=\"841\" height=\"569\" srcset=\"https:\/\/www.hashtag.al\/wp-content\/uploads\/2018\/10\/eru-itali.jpg 841w, https:\/\/www.hashtag.al\/wp-content\/uploads\/2018\/10\/eru-itali-300x203.jpg 300w, https:\/\/www.hashtag.al\/wp-content\/uploads\/2018\/10\/eru-itali-768x520.jpg 768w\" sizes=\"auto, (max-width: 841px) 100vw, 841px\" \/><\/p>\n<p>Komisioni Europian reagoi n\u00eb lidhje me buxhetin e shum\u00ebdiskutuar t\u00eb vitit 2019, t\u00eb Italis\u00eb n\u00ebp\u00ebrmjet nj\u00eb letre, d\u00ebrguar autoriteteve italiane, q\u00eb me shum\u00eb gjas\u00eb po i paraprin refuzimit t\u00eb miratimit final t\u00eb tij.<\/p>\n<p>\u201cN\u00eb buxhet v\u00ebrehen shkelje t\u00eb m\u00ebdha t\u00eb politikave fiskale t\u00eb Bashkimit Europian\u201d, thuhen nd\u00ebr t\u00eb tjera n\u00eb letr\u00ebn q\u00eb Komisioneri i Ekonomis\u00eb Pierre Moscovici i dor\u00ebzoi ministrit italian t\u00eb Financave, Giovanni Tria.<\/p>\n<p>Por n\u00eb mbrojtje t\u00eb buxhetit doli menj\u00ebher\u00eb kreu i qeveris\u00eb italiane, Giuseppe Conte, i cili tasdhm\u00eb duhet t\u00eb p\u00ebrballet me refuzimin e Brukseli, por n\u00ebjkoh\u00ebsisht edhe me pak\u00ebnaq\u00ebsit\u00eb e brendshme, mbi planifikimin fiskal t\u00eb 2019-\u00ebs.<\/p>\n<p>Drafti, n\u00ebnshkruar nga qeveria e Italis\u00eb t\u00eb h\u00ebn\u00ebn, do t\u00eb rris\u00eb deficitin n\u00eb nj\u00eb koh\u00eb kur dakord\u00ebsit\u00eb e m\u00ebhershme me BE-n\u00eb jan\u00eb q\u00eb ai t\u00eb ulet, nd\u00ebrsa \u00ebsht\u00eb parashikuar t\u00eb rriten shpenzimet e mir\u00ebqenies dhe t\u00eb ulet mosha e daljes n\u00eb pension.<\/p>\n<p>Kryeministri italian thirri nj\u00eb mbledhje t\u00eb qeveris\u00eb t\u00eb shtun\u00ebn, p\u00ebr t\u00eb shmangur ndarjet e brendshme p\u00ebr buxhetin, nd\u00ebrsa duhet t\u00eb b\u00ebj\u00eb llogarit\u00eb edhe me koh\u00ebn, pasi duhet t\u2019i p\u00ebrgjigjet Komisionit Europian deri m\u00eb 22 Tetor.<\/p>\n<p>\u201cLetra nuk na shqet\u00ebson aspak, ndon\u00ebse mund t\u00eb them se jemi gati t\u2019i p\u00ebrgjigjemi n\u00eb koh\u00eb Komisionit, p\u00ebr t\u2019i hequr shqet\u00ebsimet q\u00eb ka. Devijimi i Italis\u00eb nga politikat fiskale t\u00eb Bashkimit Europian nuk \u00ebsht\u00eb aq i madh sa thuhet dhe se letra t\u00eb ngjashme KE-ja do t\u2019u d\u00ebrgoj\u00eb edhe shteteve si Franca, Spanja, Portugalia, etj\u201d-deklaroi Conte.<\/p>\n","protected":false,"gt_translate_keys":[{"key":"rendered","format":"html"}]},"excerpt":{"rendered":"<p>Komisioni Europian reagoi n\u00eb lidhje me buxhetin e shum\u00ebdiskutuar t\u00eb vitit 2019, t\u00eb Italis\u00eb n\u00ebp\u00ebrmjet nj\u00eb letre, d\u00ebrguar autoriteteve italiane, q\u00eb me shum\u00eb gjas\u00eb po i paraprin refuzimit t\u00eb miratimit final t\u00eb tij. \u201cN\u00eb buxhet v\u00ebrehen shkelje t\u00eb m\u00ebdha t\u00eb politikave fiskale t\u00eb Bashkimit Europian\u201d, thuhen nd\u00ebr t\u00eb tjera n\u00eb letr\u00ebn q\u00eb Komisioneri i Ekonomis\u00eb [&hellip;]<\/p>\n","protected":false,"gt_translate_keys":[{"key":"rendered","format":"html"}]},"author":32,"featured_media":242753,"comment_status":"open","ping_status":"open","sticky":false,"template":"","format":"standard","meta":{"footnotes":""},"categories":[6],"tags":[],"class_list":["post-242752","post","type-post","status-publish","format-standard","has-post-thumbnail","hentry","category-nderkombetare"],"gt_translate_keys":[{"key":"link","format":"url"}],"_links":{"self":[{"href":"https:\/\/www.hashtag.al\/index.php\/wp-json\/wp\/v2\/posts\/242752","targetHints":{"allow":["GET"]}}],"collection":[{"href":"https:\/\/www.hashtag.al\/index.php\/wp-json\/wp\/v2\/posts"}],"about":[{"href":"https:\/\/www.hashtag.al\/index.php\/wp-json\/wp\/v2\/types\/post"}],"author":[{"embeddable":true,"href":"https:\/\/www.hashtag.al\/index.php\/wp-json\/wp\/v2\/users\/32"}],"replies":[{"embeddable":true,"href":"https:\/\/www.hashtag.al\/index.php\/wp-json\/wp\/v2\/comments?post=242752"}],"version-history":[{"count":0,"href":"https:\/\/www.hashtag.al\/index.php\/wp-json\/wp\/v2\/posts\/242752\/revisions"}],"wp:featuredmedia":[{"embeddable":true,"href":"https:\/\/www.hashtag.al\/index.php\/wp-json\/wp\/v2\/media\/242753"}],"wp:attachment":[{"href":"https:\/\/www.hashtag.al\/index.php\/wp-json\/wp\/v2\/media?parent=242752"}],"wp:term":[{"taxonomy":"category","embeddable":true,"href":"https:\/\/www.hashtag.al\/index.php\/wp-json\/wp\/v2\/categories?post=242752"},{"taxonomy":"post_tag","embeddable":true,"href":"https:\/\/www.hashtag.al\/index.php\/wp-json\/wp\/v2\/tags?post=242752"}],"curies":[{"name":"wp","href":"https:\/\/api.w.org\/{rel}","templated":true}]}}