{"id":242731,"date":"2018-10-18T22:20:42","date_gmt":"2018-10-18T20:20:42","guid":{"rendered":"https:\/\/hashtag.al\/?p=242731"},"modified":"2018-10-18T22:21:17","modified_gmt":"2018-10-18T20:21:17","slug":"replikat-vangjeli-jam-partizan-i-opozites-basha-je-partizan-kur-eshte-ps-ja-ne-opozite","status":"publish","type":"post","link":"https:\/\/www.hashtag.al\/index.php\/2018\/10\/18\/replikat-vangjeli-jam-partizan-i-opozites-basha-je-partizan-kur-eshte-ps-ja-ne-opozite\/","title":{"rendered":"Replikat\/ Vangjeli: Jam partizan i opozit\u00ebs, Basha: Je partizan kur \u00ebsht\u00eb PS-ja n\u00eb opozit\u00eb","gt_translate_keys":[{"key":"rendered","format":"text"}]},"content":{"rendered":"<p><img loading=\"lazy\" decoding=\"async\" class=\"aligncenter size-full wp-image-242732\" src=\"https:\/\/hashtag.al\/wp-content\/uploads\/2018\/10\/basha-vangjeli.jpg\" alt=\"\" width=\"2000\" height=\"1220\" srcset=\"https:\/\/www.hashtag.al\/wp-content\/uploads\/2018\/10\/basha-vangjeli.jpg 2000w, https:\/\/www.hashtag.al\/wp-content\/uploads\/2018\/10\/basha-vangjeli-300x183.jpg 300w, https:\/\/www.hashtag.al\/wp-content\/uploads\/2018\/10\/basha-vangjeli-1024x625.jpg 1024w, https:\/\/www.hashtag.al\/wp-content\/uploads\/2018\/10\/basha-vangjeli-768x468.jpg 768w, https:\/\/www.hashtag.al\/wp-content\/uploads\/2018\/10\/basha-vangjeli-1536x937.jpg 1536w\" sizes=\"auto, (max-width: 2000px) 100vw, 2000px\" \/><\/p>\n<p>Kreu i opizit\u00ebs, Lulzim Basha, gjat\u00eb debatit me gazetarin Lorenc Vangjeli i\u2019u drejtua k\u00ebtij t\u00eb fundit duke i th\u00ebn\u00eb se pik\u00ebpamjet e tij jan\u00eb t\u00eb nj\u00ebjta me kryeministrin Rama dhe shpesh her\u00eb p\u00ebrdor fjal\u00ebt e tij.<\/p>\n<p>Debati mes Bash\u00ebs dhe Vangjelit n\u00eb emisionin \u2018Opinion\u2019, erdhi pas deklarat\u00ebs s\u00eb b\u00ebr\u00eb nga analisti se situata n\u00eb vend nuk \u00ebsht\u00eb aq e zez\u00eb sa e p\u00ebrshkruan opozita.<\/p>\n<p><strong>Replikat:<\/strong><\/p>\n<p><strong>Basha<\/strong>: Ti mbron nj\u00eb pik\u00ebmamje q\u00eb \u00ebsht\u00eb e nj\u00ebjt\u00eb me at\u00eb t\u00eb kryeministrit. Shpeshher\u00eb dhe me fjal\u00ebt e kryeministrit.<\/p>\n<p><strong>Vangjeli:<\/strong> Jam partizan i opozit\u00ebs.<\/p>\n<p><strong>Basha:<\/strong> Je partizan i opozit\u00ebs kur \u00ebsht\u00eb Partia Socialiste n\u00eb opozit\u00eb.<\/p>\n","protected":false,"gt_translate_keys":[{"key":"rendered","format":"html"}]},"excerpt":{"rendered":"<p>Kreu i opizit\u00ebs, Lulzim Basha, gjat\u00eb debatit me gazetarin Lorenc Vangjeli i\u2019u drejtua k\u00ebtij t\u00eb fundit duke i th\u00ebn\u00eb se pik\u00ebpamjet e tij jan\u00eb t\u00eb nj\u00ebjta me kryeministrin Rama dhe shpesh her\u00eb p\u00ebrdor fjal\u00ebt e tij. Debati mes Bash\u00ebs dhe Vangjelit n\u00eb emisionin \u2018Opinion\u2019, erdhi pas deklarat\u00ebs s\u00eb b\u00ebr\u00eb nga analisti se situata n\u00eb vend [&hellip;]<\/p>\n","protected":false,"gt_translate_keys":[{"key":"rendered","format":"html"}]},"author":32,"featured_media":242732,"comment_status":"open","ping_status":"open","sticky":false,"template":"","format":"standard","meta":{"footnotes":""},"categories":[65],"tags":[],"class_list":["post-242731","post","type-post","status-publish","format-standard","has-post-thumbnail","hentry","category-lajme"],"gt_translate_keys":[{"key":"link","format":"url"}],"_links":{"self":[{"href":"https:\/\/www.hashtag.al\/index.php\/wp-json\/wp\/v2\/posts\/242731","targetHints":{"allow":["GET"]}}],"collection":[{"href":"https:\/\/www.hashtag.al\/index.php\/wp-json\/wp\/v2\/posts"}],"about":[{"href":"https:\/\/www.hashtag.al\/index.php\/wp-json\/wp\/v2\/types\/post"}],"author":[{"embeddable":true,"href":"https:\/\/www.hashtag.al\/index.php\/wp-json\/wp\/v2\/users\/32"}],"replies":[{"embeddable":true,"href":"https:\/\/www.hashtag.al\/index.php\/wp-json\/wp\/v2\/comments?post=242731"}],"version-history":[{"count":0,"href":"https:\/\/www.hashtag.al\/index.php\/wp-json\/wp\/v2\/posts\/242731\/revisions"}],"wp:featuredmedia":[{"embeddable":true,"href":"https:\/\/www.hashtag.al\/index.php\/wp-json\/wp\/v2\/media\/242732"}],"wp:attachment":[{"href":"https:\/\/www.hashtag.al\/index.php\/wp-json\/wp\/v2\/media?parent=242731"}],"wp:term":[{"taxonomy":"category","embeddable":true,"href":"https:\/\/www.hashtag.al\/index.php\/wp-json\/wp\/v2\/categories?post=242731"},{"taxonomy":"post_tag","embeddable":true,"href":"https:\/\/www.hashtag.al\/index.php\/wp-json\/wp\/v2\/tags?post=242731"}],"curies":[{"name":"wp","href":"https:\/\/api.w.org\/{rel}","templated":true}]}}