{"id":242485,"date":"2018-10-18T09:36:18","date_gmt":"2018-10-18T07:36:18","guid":{"rendered":"https:\/\/hashtag.al\/?p=242485"},"modified":"2018-10-18T11:17:18","modified_gmt":"2018-10-18T09:17:18","slug":"albana-vokshi-urdhri-i-akep-eshte-antikushtetues","status":"publish","type":"post","link":"https:\/\/www.hashtag.al\/index.php\/2018\/10\/18\/albana-vokshi-urdhri-i-akep-eshte-antikushtetues\/","title":{"rendered":"Albana Vokshi: Urdhri i AKEP \u00ebsht\u00eb antikushtetues","gt_translate_keys":[{"key":"rendered","format":"text"}]},"content":{"rendered":"<p><img loading=\"lazy\" decoding=\"async\" class=\"aligncenter size-full wp-image-219523\" src=\"https:\/\/hashtag.al\/wp-content\/uploads\/2018\/07\/Vokshi.jpg\" alt=\"\" width=\"1024\" height=\"683\" \/><\/p>\n<p><span style=\"color: #000000;\">Deputetja e Partis\u00eb Demokratike ka reaguar lidhur me urdhrin e fundit t\u00eb Autoritetit t\u00eb Komunikimeve Elektronike dhe Postare (AKEP), p\u00ebr regjistrimin e portaleve online n\u00eb QKB.<\/span><\/p>\n<p><span style=\"color: #000000;\">Sipas Vokshit, e cila nj\u00ebkoh\u00ebsisht \u00ebsht\u00eb edhe Kryetare e Komisionit Parlamentar p\u00ebr Median, tha se urdhri i AKEP \u00ebsht\u00eb antikushtetues dhe antiligjor.<\/span><\/p>\n<p><em><span style=\"color: #000000;\">\u201cURDH\u00cbRI I AKEP-it, ANTIKUSHTETUES DHE ANTILIGJOR<\/span><\/em><\/p>\n<p><em><span style=\"color: #000000;\">Urdh\u00ebri i dat\u00ebs 15 Tetor i Autoritetit t\u00eb Komunikimeve Elektronike dhe Postare p\u00ebr regjistrimin e portaleve online n\u00eb Qendr\u00ebn Komb\u00ebtare t\u00eb Biznesit dhe publikimin e NIPT-it n\u00eb faqet e tyre \u00ebsht\u00eb:\u00a0<\/span><\/em><br \/>\n<em><span style=\"color: #000000;\"> &#8211; n\u00eb shkelje t\u00eb hapur t\u00eb kompetencave q\u00eb i njeh ligji p\u00ebr komunikimet elektronike;\u00a0<\/span><\/em><br \/>\n<em><span style=\"color: #000000;\"> &#8211; n\u00eb \u00ebsht\u00eb shkelje flagrante t\u00eb liris\u00eb s\u00eb shprehjes dhe liris\u00eb s\u00eb mediave, t\u00eb garantuara nga neni 22 i Kushtetut\u00ebs s\u00eb Shqip\u00ebris\u00eb dhe neni 10 i Konvent\u00ebs Europiane p\u00ebr t\u00eb Drejtat e Njeriut.<\/span><\/em><\/p>\n<p><em><span style=\"color: #000000;\">Si Kryetare e Komisionit Parlamentar p\u00ebr Median i kam k\u00ebrkuar zyrtarisht kryetarit t\u00eb AKEP-it pezullimin e menj\u00ebhersh\u00ebm t\u00eb k\u00ebtij urdh\u00ebri antikushtetues dhe antiligjor.<\/span><\/em><\/p>\n<p><span style=\"color: #000000;\"><em>Partia Demokratike mbetet e vendosur n\u00eb mbrojtje t\u00eb lirive dhe t\u00eb drejtave themelore &#8211; si\u00e7 \u00ebsht\u00eb liria e shprehjes dhe e medias &#8211; p\u00ebrball\u00eb censur\u00ebs shtet\u00ebrore q\u00eb do t\u00eb instaloj\u00eb Edi Rama.\u201d<\/em>, shkruan Vokshi.<\/span><\/p>\n<p><img loading=\"lazy\" decoding=\"async\" class=\"aligncenter size-full wp-image-242488\" src=\"https:\/\/hashtag.al\/wp-content\/uploads\/2018\/10\/vokshi-1.jpg\" alt=\"\" width=\"695\" height=\"960\" srcset=\"https:\/\/www.hashtag.al\/wp-content\/uploads\/2018\/10\/vokshi-1.jpg 695w, https:\/\/www.hashtag.al\/wp-content\/uploads\/2018\/10\/vokshi-1-217x300.jpg 217w\" sizes=\"auto, (max-width: 695px) 100vw, 695px\" \/><img loading=\"lazy\" decoding=\"async\" class=\"aligncenter size-full wp-image-242487\" src=\"https:\/\/hashtag.al\/wp-content\/uploads\/2018\/10\/vokshi-2.jpg\" alt=\"\" width=\"686\" height=\"960\" srcset=\"https:\/\/www.hashtag.al\/wp-content\/uploads\/2018\/10\/vokshi-2.jpg 686w, https:\/\/www.hashtag.al\/wp-content\/uploads\/2018\/10\/vokshi-2-214x300.jpg 214w\" sizes=\"auto, (max-width: 686px) 100vw, 686px\" \/><img loading=\"lazy\" decoding=\"async\" class=\"aligncenter size-full wp-image-242486\" src=\"https:\/\/hashtag.al\/wp-content\/uploads\/2018\/10\/vokshi-3.jpg\" alt=\"\" width=\"653\" height=\"960\" srcset=\"https:\/\/www.hashtag.al\/wp-content\/uploads\/2018\/10\/vokshi-3.jpg 653w, https:\/\/www.hashtag.al\/wp-content\/uploads\/2018\/10\/vokshi-3-204x300.jpg 204w\" sizes=\"auto, (max-width: 653px) 100vw, 653px\" \/><\/p>\n","protected":false,"gt_translate_keys":[{"key":"rendered","format":"html"}]},"excerpt":{"rendered":"<p>Deputetja e Partis\u00eb Demokratike ka reaguar lidhur me urdhrin e fundit t\u00eb Autoritetit t\u00eb Komunikimeve Elektronike dhe Postare (AKEP), p\u00ebr regjistrimin e portaleve online n\u00eb QKB. Sipas Vokshit, e cila nj\u00ebkoh\u00ebsisht \u00ebsht\u00eb edhe Kryetare e Komisionit Parlamentar p\u00ebr Median, tha se urdhri i AKEP \u00ebsht\u00eb antikushtetues dhe antiligjor. \u201cURDH\u00cbRI I AKEP-it, ANTIKUSHTETUES DHE ANTILIGJOR Urdh\u00ebri [&hellip;]<\/p>\n","protected":false,"gt_translate_keys":[{"key":"rendered","format":"html"}]},"author":30,"featured_media":219523,"comment_status":"open","ping_status":"open","sticky":false,"template":"","format":"standard","meta":{"footnotes":""},"categories":[65],"tags":[],"class_list":["post-242485","post","type-post","status-publish","format-standard","has-post-thumbnail","hentry","category-lajme"],"gt_translate_keys":[{"key":"link","format":"url"}],"_links":{"self":[{"href":"https:\/\/www.hashtag.al\/index.php\/wp-json\/wp\/v2\/posts\/242485","targetHints":{"allow":["GET"]}}],"collection":[{"href":"https:\/\/www.hashtag.al\/index.php\/wp-json\/wp\/v2\/posts"}],"about":[{"href":"https:\/\/www.hashtag.al\/index.php\/wp-json\/wp\/v2\/types\/post"}],"author":[{"embeddable":true,"href":"https:\/\/www.hashtag.al\/index.php\/wp-json\/wp\/v2\/users\/30"}],"replies":[{"embeddable":true,"href":"https:\/\/www.hashtag.al\/index.php\/wp-json\/wp\/v2\/comments?post=242485"}],"version-history":[{"count":0,"href":"https:\/\/www.hashtag.al\/index.php\/wp-json\/wp\/v2\/posts\/242485\/revisions"}],"wp:featuredmedia":[{"embeddable":true,"href":"https:\/\/www.hashtag.al\/index.php\/wp-json\/"}],"wp:attachment":[{"href":"https:\/\/www.hashtag.al\/index.php\/wp-json\/wp\/v2\/media?parent=242485"}],"wp:term":[{"taxonomy":"category","embeddable":true,"href":"https:\/\/www.hashtag.al\/index.php\/wp-json\/wp\/v2\/categories?post=242485"},{"taxonomy":"post_tag","embeddable":true,"href":"https:\/\/www.hashtag.al\/index.php\/wp-json\/wp\/v2\/tags?post=242485"}],"curies":[{"name":"wp","href":"https:\/\/api.w.org\/{rel}","templated":true}]}}