{"id":242429,"date":"2018-10-17T23:11:20","date_gmt":"2018-10-17T21:11:20","guid":{"rendered":"https:\/\/hashtag.al\/?p=242429"},"modified":"2018-10-17T23:12:45","modified_gmt":"2018-10-17T21:12:45","slug":"balla-kam-udhetuar-vetem-nje-here-me-begon-salianji-qe-nga-2013-jane-57-udhetime-fotovideo","status":"publish","type":"post","link":"https:\/\/www.hashtag.al\/index.php\/2018\/10\/17\/balla-kam-udhetuar-vetem-nje-here-me-begon-salianji-qe-nga-2013-jane-57-udhetime-fotovideo\/","title":{"rendered":"Balla: Kam udh\u00ebtuar vet\u00ebm nj\u00eb her\u00eb me Begon, Salianji: Q\u00eb nga 2013 jan\u00eb 57 udh\u00ebtime (Foto+Video)","gt_translate_keys":[{"key":"rendered","format":"text"}]},"content":{"rendered":"<p><img loading=\"lazy\" decoding=\"async\" class=\"aligncenter size-full wp-image-240058\" src=\"https:\/\/hashtag.al\/wp-content\/uploads\/2018\/10\/ballasalianjiok.jpg\" alt=\"\" width=\"2000\" height=\"1161\" srcset=\"https:\/\/www.hashtag.al\/wp-content\/uploads\/2018\/10\/ballasalianjiok.jpg 2000w, https:\/\/www.hashtag.al\/wp-content\/uploads\/2018\/10\/ballasalianjiok-300x174.jpg 300w, https:\/\/www.hashtag.al\/wp-content\/uploads\/2018\/10\/ballasalianjiok-1024x594.jpg 1024w, https:\/\/www.hashtag.al\/wp-content\/uploads\/2018\/10\/ballasalianjiok-768x446.jpg 768w, https:\/\/www.hashtag.al\/wp-content\/uploads\/2018\/10\/ballasalianjiok-1536x892.jpg 1536w, https:\/\/www.hashtag.al\/wp-content\/uploads\/2018\/10\/ballasalianjiok-250x145.jpg 250w\" sizes=\"auto, (max-width: 2000px) 100vw, 2000px\" \/><\/p>\n<p>Kreu i Grupit Parlamentar i Partis\u00eb Socialiste Taulant Balla i cili akuzohet nga opozita si i af\u00ebrt me Edmond Begon ish-pjestar i band\u00ebs s\u00eb Lushnj\u00ebs ka deklaruar n\u00eb studion e emisionit \u201cOpinion\u201d se si \u00ebsht\u00eb njohur me biznesmenin dhe sa her\u00eb ka udh\u00ebtuar me t\u00eb.<\/p>\n<p>Balla ka theksuar se\u00a0e ka njohur Begon n\u00eb vitin 2015 dhe \u00ebsht\u00eb prezantuar si nj\u00eb biznesmen q\u00eb nd\u00ebrtoi nj\u00eb Xhami n\u00eb zon\u00ebn e tij elektorale.<\/p>\n<p>Nd\u00ebrsa p\u00ebr udh\u00ebtimet me Begon jasht\u00eb shtetit Balla ka pohuar se ka udh\u00ebtuar vet\u00ebm nj\u00eb her\u00eb me t\u00eb, ndryshe nga numri i udh\u00ebtimeve q\u00eb pretendon opozita.<\/p>\n<p>\u201cBashk\u00eb me nj\u00eb grup gazetar\u00ebsh, ka qen\u00eb edhe ky q\u00eb kemi udh\u00ebtuar p\u00ebr t\u00eb par\u00eb ndeshjen e Shqip\u00ebris\u00eb n\u00eb Danimark\u00eb. Duke shtuar m\u00eb tej se vet\u00ebm kaq, pasi nuk ekziston asnj\u00eb udh\u00ebtim tjet\u00ebr me t\u00eb\u201d- u shpreh Balla.<\/p>\n<p><strong>Deklarata e Taulant Ball\u00ebs n\u00eb emision:\u00a0<\/strong><br \/>\n<iframe loading=\"lazy\" src=\"https:\/\/www.youtube.com\/embed\/5CTEcXnotUQ\" width=\"700\" height=\"543\" frameborder=\"0\" allowfullscreen=\"allowfullscreen\"><\/iframe><\/p>\n<p>Nga ana tjet\u00ebr deputeti i PD-s\u00eb Ervin Salianji n\u00eb m\u00ebnyr\u00eb t\u00eb drejtp\u00ebrdrejt\u00eb ka publikuar numrin e fluturimeve n\u00ebp\u00ebrmjet Ball\u00ebs dhe Begos jasht\u00eb shtetit p\u00ebr t\u00eb p\u00ebrgenjeshtruar Kreun e grupit Parlamentar t\u00eb PS-s\u00eb.<\/p>\n<p>Gjithashtu Salianji ka p\u00ebrg\u00ebnjeshtruar edhe deklarat\u00ebn e Ball\u00ebs se xhamia n\u00eb Dragostunj\u00eb \u00ebsht\u00eb inaguruar n\u00eb Qershor t\u00eb vitit 2015 dhe jo n\u00eb fillim t\u00eb 2015.<\/p>\n<p><strong>Postimi iErvin Salianjit n\u00eb Facebook:<\/strong><\/p>\n<p><iframe loading=\"lazy\" style=\"border: none; overflow: hidden;\" src=\"https:\/\/www.facebook.com\/plugins\/post.php?href=https%3A%2F%2Fwww.facebook.com%2Fsalianjiervin%2Fposts%2F1991995960822870&amp;width=500\" width=\"500\" height=\"689\" frameborder=\"0\" scrolling=\"no\"><\/iframe><\/p>\n","protected":false,"gt_translate_keys":[{"key":"rendered","format":"html"}]},"excerpt":{"rendered":"<p>Kreu i Grupit Parlamentar i Partis\u00eb Socialiste Taulant Balla i cili akuzohet nga opozita si i af\u00ebrt me Edmond Begon ish-pjestar i band\u00ebs s\u00eb Lushnj\u00ebs ka deklaruar n\u00eb studion e emisionit \u201cOpinion\u201d se si \u00ebsht\u00eb njohur me biznesmenin dhe sa her\u00eb ka udh\u00ebtuar me t\u00eb. Balla ka theksuar se\u00a0e ka njohur Begon n\u00eb vitin 2015 [&hellip;]<\/p>\n","protected":false,"gt_translate_keys":[{"key":"rendered","format":"html"}]},"author":32,"featured_media":240058,"comment_status":"open","ping_status":"open","sticky":false,"template":"","format":"standard","meta":{"footnotes":""},"categories":[65],"tags":[],"class_list":["post-242429","post","type-post","status-publish","format-standard","has-post-thumbnail","hentry","category-lajme"],"gt_translate_keys":[{"key":"link","format":"url"}],"_links":{"self":[{"href":"https:\/\/www.hashtag.al\/index.php\/wp-json\/wp\/v2\/posts\/242429","targetHints":{"allow":["GET"]}}],"collection":[{"href":"https:\/\/www.hashtag.al\/index.php\/wp-json\/wp\/v2\/posts"}],"about":[{"href":"https:\/\/www.hashtag.al\/index.php\/wp-json\/wp\/v2\/types\/post"}],"author":[{"embeddable":true,"href":"https:\/\/www.hashtag.al\/index.php\/wp-json\/wp\/v2\/users\/32"}],"replies":[{"embeddable":true,"href":"https:\/\/www.hashtag.al\/index.php\/wp-json\/wp\/v2\/comments?post=242429"}],"version-history":[{"count":0,"href":"https:\/\/www.hashtag.al\/index.php\/wp-json\/wp\/v2\/posts\/242429\/revisions"}],"wp:featuredmedia":[{"embeddable":true,"href":"https:\/\/www.hashtag.al\/index.php\/wp-json\/wp\/v2\/media\/240058"}],"wp:attachment":[{"href":"https:\/\/www.hashtag.al\/index.php\/wp-json\/wp\/v2\/media?parent=242429"}],"wp:term":[{"taxonomy":"category","embeddable":true,"href":"https:\/\/www.hashtag.al\/index.php\/wp-json\/wp\/v2\/categories?post=242429"},{"taxonomy":"post_tag","embeddable":true,"href":"https:\/\/www.hashtag.al\/index.php\/wp-json\/wp\/v2\/tags?post=242429"}],"curies":[{"name":"wp","href":"https:\/\/api.w.org\/{rel}","templated":true}]}}