{"id":242426,"date":"2018-10-17T22:51:51","date_gmt":"2018-10-17T20:51:51","guid":{"rendered":"https:\/\/hashtag.al\/?p=242426"},"modified":"2018-10-17T23:08:33","modified_gmt":"2018-10-17T21:08:33","slug":"kryetari-i-kuvendit-merr-mbeshtetjen-e-gjermanise-per-liberalizimin-e-vizave","status":"publish","type":"post","link":"https:\/\/www.hashtag.al\/index.php\/2018\/10\/17\/kryetari-i-kuvendit-merr-mbeshtetjen-e-gjermanise-per-liberalizimin-e-vizave\/","title":{"rendered":"Kryetari i Kuvendit merr mb\u00ebshtetjen e Gjermanis\u00eb p\u00ebr liberalizimin e vizave","gt_translate_keys":[{"key":"rendered","format":"text"}]},"content":{"rendered":"<p><img loading=\"lazy\" decoding=\"async\" class=\"aligncenter size-full wp-image-242427\" src=\"https:\/\/hashtag.al\/wp-content\/uploads\/2018\/10\/vizat.jpg\" alt=\"\" width=\"800\" height=\"450\" srcset=\"https:\/\/www.hashtag.al\/wp-content\/uploads\/2018\/10\/vizat.jpg 800w, https:\/\/www.hashtag.al\/wp-content\/uploads\/2018\/10\/vizat-300x169.jpg 300w, https:\/\/www.hashtag.al\/wp-content\/uploads\/2018\/10\/vizat-768x432.jpg 768w\" sizes=\"auto, (max-width: 800px) 100vw, 800px\" \/><\/p>\n<p>Kryetari i Kuvendit t\u00eb Kosov\u00ebs, Kadri Veseli, po zhvillon nj\u00eb vizit\u00eb n\u00eb Berlin, ku pas nj\u00eb takimi me homologun e tij Dr. Wolfgang Sch\u00e4uble, ai ka siguruar mb\u00ebshtetjen e Gjermanis\u00eb p\u00ebr liberalizimin e vizave.<\/p>\n<p>Kreu i Kuvendit fal\u00ebnderoi kryetarin e Bundestagut gjerman p\u00ebr mb\u00ebshtetjen e fuqishme q\u00eb i ka dh\u00ebn\u00eb Gjermania Kosov\u00ebs n\u00eb t\u00eb gjitha proceset q\u00eb nga \u00e7lirimi, pavar\u00ebsia dhe shtetnd\u00ebrtimi. Veseli theksoi se mb\u00ebshtetja e Berlinit zyrtar p\u00ebr Kosov\u00ebn n\u00eb proceset e ardhshme e nj\u00eb r\u00ebnd\u00ebsie t\u00eb ve\u00e7ant\u00eb, si n\u00eb aspektin e rrug\u00ebtimit euro-atlantik, ashtu edhe t\u00eb zhvillimit ekonomik, n\u00ebp\u00ebrmjet investimeve gjermane n\u00eb Kosov\u00eb.<\/p>\n<p>Veseli tha se Kosova dhe Gjermania, si dy vende mike, tashm\u00eb kan\u00eb konsoliduar bashk\u00ebpunimin e tyre n\u00eb shum\u00eb sfera, por theksoi nevoj\u00ebn q\u00eb k\u00ebto marr\u00ebdh\u00ebnie t\u00eb zgjerohen dhe forcohen edhe m\u00eb tej.<\/p>\n","protected":false,"gt_translate_keys":[{"key":"rendered","format":"html"}]},"excerpt":{"rendered":"<p>Kryetari i Kuvendit t\u00eb Kosov\u00ebs, Kadri Veseli, po zhvillon nj\u00eb vizit\u00eb n\u00eb Berlin, ku pas nj\u00eb takimi me homologun e tij Dr. Wolfgang Sch\u00e4uble, ai ka siguruar mb\u00ebshtetjen e Gjermanis\u00eb p\u00ebr liberalizimin e vizave. Kreu i Kuvendit fal\u00ebnderoi kryetarin e Bundestagut gjerman p\u00ebr mb\u00ebshtetjen e fuqishme q\u00eb i ka dh\u00ebn\u00eb Gjermania Kosov\u00ebs n\u00eb t\u00eb gjitha [&hellip;]<\/p>\n","protected":false,"gt_translate_keys":[{"key":"rendered","format":"html"}]},"author":32,"featured_media":242427,"comment_status":"open","ping_status":"open","sticky":false,"template":"","format":"standard","meta":{"footnotes":""},"categories":[149],"tags":[],"class_list":["post-242426","post","type-post","status-publish","format-standard","has-post-thumbnail","hentry","category-kosoverajon"],"gt_translate_keys":[{"key":"link","format":"url"}],"_links":{"self":[{"href":"https:\/\/www.hashtag.al\/index.php\/wp-json\/wp\/v2\/posts\/242426","targetHints":{"allow":["GET"]}}],"collection":[{"href":"https:\/\/www.hashtag.al\/index.php\/wp-json\/wp\/v2\/posts"}],"about":[{"href":"https:\/\/www.hashtag.al\/index.php\/wp-json\/wp\/v2\/types\/post"}],"author":[{"embeddable":true,"href":"https:\/\/www.hashtag.al\/index.php\/wp-json\/wp\/v2\/users\/32"}],"replies":[{"embeddable":true,"href":"https:\/\/www.hashtag.al\/index.php\/wp-json\/wp\/v2\/comments?post=242426"}],"version-history":[{"count":0,"href":"https:\/\/www.hashtag.al\/index.php\/wp-json\/wp\/v2\/posts\/242426\/revisions"}],"wp:featuredmedia":[{"embeddable":true,"href":"https:\/\/www.hashtag.al\/index.php\/wp-json\/wp\/v2\/media\/242427"}],"wp:attachment":[{"href":"https:\/\/www.hashtag.al\/index.php\/wp-json\/wp\/v2\/media?parent=242426"}],"wp:term":[{"taxonomy":"category","embeddable":true,"href":"https:\/\/www.hashtag.al\/index.php\/wp-json\/wp\/v2\/categories?post=242426"},{"taxonomy":"post_tag","embeddable":true,"href":"https:\/\/www.hashtag.al\/index.php\/wp-json\/wp\/v2\/tags?post=242426"}],"curies":[{"name":"wp","href":"https:\/\/api.w.org\/{rel}","templated":true}]}}