{"id":242341,"date":"2018-10-17T16:47:04","date_gmt":"2018-10-17T14:47:04","guid":{"rendered":"https:\/\/hashtag.al\/?p=242341"},"modified":"2018-10-17T16:47:43","modified_gmt":"2018-10-17T14:47:43","slug":"242341","status":"publish","type":"post","link":"https:\/\/www.hashtag.al\/index.php\/2018\/10\/17\/242341\/","title":{"rendered":"PD: As n\u00eb Bruksel, as n\u00eb Tiran\u00eb, opozita nuk ka p\u00ebr t\u00eb luajtur teatrin q\u00eb i duhet Ram\u00ebs","gt_translate_keys":[{"key":"rendered","format":"text"}]},"content":{"rendered":"<p><img loading=\"lazy\" decoding=\"async\" class=\"alignnone wp-image-242343\" src=\"https:\/\/hashtag.al\/wp-content\/uploads\/2018\/10\/strazimiri.jpg\" alt=\"\" width=\"798\" height=\"532\" srcset=\"https:\/\/www.hashtag.al\/wp-content\/uploads\/2018\/10\/strazimiri.jpg 675w, https:\/\/www.hashtag.al\/wp-content\/uploads\/2018\/10\/strazimiri-300x200.jpg 300w\" sizes=\"auto, (max-width: 798px) 100vw, 798px\" \/><\/p>\n<p><span style=\"color: #000000;\">Deputeti demokrat Gent Strazimiri n\u00eb nj\u00eb deklarat\u00eb p\u00ebr mediat,u shpreh se as n\u00eb Bruksel, as n\u00eb Tiran\u00eb, opozita nuk ka p\u00ebr t\u00eb luajtur teatrin q\u00eb i duhet Edi Ram\u00ebs, p\u00ebr t\u2019u b\u00ebr\u00eb fasada e pushtetit absolut t\u00eb krimit t\u00eb organizuar.<\/span><\/p>\n<p><span style=\"color: #000000;\">&#8220;Taulant Balla, n\u00ebn akuz\u00eb publike p\u00ebr pastrimin e 3.4 milion\u00eb eurove t\u00eb d\u00ebrguara me Toyta Yaris, n\u00ebn akuz\u00eb publike p\u00ebr pranin\u00eb e tij n\u00eb k\u00ebrc\u00ebnimin me arm\u00eb t\u00eb n\u00ebnkomisar Emiljano Nuhut, \u00ebsht\u00eb fytyra m\u00eb e pap\u00ebrshtatshme p\u00ebr t\u00eb p\u00ebrfaq\u00ebsuar n\u00eb Bruksel aspirat\u00ebn europiane t\u00eb shqiptar\u00ebve t\u00eb ndersh\u00ebm.<\/span><\/p>\n<p><span style=\"color: #000000;\">As n\u00eb Bruksel, as n\u00eb Tiran\u00eb, opozita nuk ka p\u00ebr t\u00eb luajtur teatrin q\u00eb i duhet Edi Ram\u00ebs, p\u00ebr t\u2019u b\u00ebr\u00eb fasada e pushtetit absolut t\u00eb krimit t\u00eb organizuar.&#8221;, u shpreh Strazimiri.\u00a0<\/span><\/p>\n<div id=\"sovrn\" class=\"desktop_ad ad_bottom_space\">\n<p>\u00a0<span style=\"color: #000000;\"><strong>Deklarata e plot\u00eb:<\/strong><\/span><\/p>\n<\/div>\n<p><span style=\"color: #000000;\">As n\u00eb Bruksel, as n\u00eb Tiran\u00eb, opozita nuk ka p\u00ebr t\u00eb luajtur teatrin q\u00eb i duhet Edi Ram\u00ebs, p\u00ebr t\u2019u b\u00ebr\u00eb fasada e pushtetit absolut t\u00eb krimit t\u00eb organizuar.<\/span><\/p>\n<div id=\"videoad\"><span style=\"color: #000000;\">Taulant Balla u vet\u00ebshpall njeriu i integrimit t\u00eb Shqip\u00ebris\u00eb n\u00eb Bashkimin Europian, por krahu i djatht\u00eb i Edi Ram\u00ebs nuk ka dh\u00ebn\u00eb akoma asnj\u00eb p\u00ebrgjigje p\u00ebr 57 udh\u00ebtimet n\u00eb Europ\u00eb me Edmond Begon, mikun e tij trafikant nd\u00ebrkomb\u00ebtar droge.<\/span><\/div>\n<p><span style=\"color: #000000;\">Taulant Balla, i cili jep opozit\u00ebs leksione europianizmi, nuk ka shpjeguar akoma se ku i ka gjetur lek\u00ebt p\u00ebr t\u00eb udh\u00ebtuar me charter bashk\u00eb me Edmond Begon. Ligji e ndalon Taulant Ball\u00ebn t\u00eb marr\u00eb dhurat\u00eb mbi 100 mij\u00eb lek\u00eb, nd\u00ebrkoh\u00eb q\u00eb 1 udh\u00ebtim me charter kushton t\u00eb pakt\u00ebn 30 mij\u00eb euro.<\/span><\/p>\n<p><span style=\"color: #000000;\">Taulant Balla nuk u ka th\u00ebn\u00eb shqiptar\u00ebve sesi Edmond Bego ka marr\u00eb t\u00eb pakt\u00ebn 14 milion\u00eb euro nga tenderat dhe pun\u00ebt publike, pavar\u00ebsisht se ligji shqiptar i ndalon nj\u00eb t\u00eb d\u00ebnuari p\u00ebr trafik droge t\u00eb marr\u00eb pjes\u00eb n\u00eb tendera publik\u00eb. Vet\u00ebm 3 nga tenderat q\u00eb Edmond Bego ka marr\u00eb gjat\u00eb k\u00ebtij viti jan\u00eb n\u00eb zon\u00ebn elektorale t\u00eb Taulant Ball\u00ebs.<\/span><\/p>\n<p><span style=\"color: #000000;\">Taulant Balla, n\u00ebn akuz\u00eb publike p\u00ebr pastrimin e 3.4 milion\u00eb eurove t\u00eb d\u00ebrguara me Toyta Yaris, n\u00ebn akuz\u00eb publike p\u00ebr pranin\u00eb e tij n\u00eb k\u00ebrc\u00ebnimin me arm\u00eb t\u00eb n\u00ebnkomisar Emiljano Nuhut, \u00ebsht\u00eb fytyra m\u00eb e pap\u00ebrshtatshme p\u00ebr t\u00eb p\u00ebrfaq\u00ebsuar n\u00eb Bruksel aspirat\u00ebn europiane t\u00eb shqiptar\u00ebve t\u00eb ndersh\u00ebm.<\/span><\/p>\n<p><span style=\"color: #000000;\">As n\u00eb Bruksel, as n\u00eb Tiran\u00eb, opozita nuk ka p\u00ebr t\u00eb luajtur teatrin q\u00eb i duhet Edi Ram\u00ebs, p\u00ebr t\u2019u b\u00ebr\u00eb fasada e pushtetit absolut t\u00eb krimit t\u00eb organizuar.<\/span><\/p>\n<p><img loading=\"lazy\" decoding=\"async\" class=\"alignnone size-full wp-image-241733\" src=\"https:\/\/hashtag.al\/wp-content\/uploads\/2018\/10\/balla-3.jpg\" alt=\"\" width=\"848\" height=\"480\" srcset=\"https:\/\/www.hashtag.al\/wp-content\/uploads\/2018\/10\/balla-3.jpg 848w, https:\/\/www.hashtag.al\/wp-content\/uploads\/2018\/10\/balla-3-300x170.jpg 300w, https:\/\/www.hashtag.al\/wp-content\/uploads\/2018\/10\/balla-3-768x435.jpg 768w\" sizes=\"auto, (max-width: 848px) 100vw, 848px\" \/><\/p>\n","protected":false,"gt_translate_keys":[{"key":"rendered","format":"html"}]},"excerpt":{"rendered":"<p>Deputeti demokrat Gent Strazimiri n\u00eb nj\u00eb deklarat\u00eb p\u00ebr mediat,u shpreh se as n\u00eb Bruksel, as n\u00eb Tiran\u00eb, opozita nuk ka p\u00ebr t\u00eb luajtur teatrin q\u00eb i duhet Edi Ram\u00ebs, p\u00ebr t\u2019u b\u00ebr\u00eb fasada e pushtetit absolut t\u00eb krimit t\u00eb organizuar. &#8220;Taulant Balla, n\u00ebn akuz\u00eb publike p\u00ebr pastrimin e 3.4 milion\u00eb eurove t\u00eb d\u00ebrguara me Toyta [&hellip;]<\/p>\n","protected":false,"gt_translate_keys":[{"key":"rendered","format":"html"}]},"author":30,"featured_media":242343,"comment_status":"open","ping_status":"open","sticky":false,"template":"","format":"standard","meta":{"footnotes":""},"categories":[65],"tags":[],"class_list":["post-242341","post","type-post","status-publish","format-standard","has-post-thumbnail","hentry","category-lajme"],"gt_translate_keys":[{"key":"link","format":"url"}],"_links":{"self":[{"href":"https:\/\/www.hashtag.al\/index.php\/wp-json\/wp\/v2\/posts\/242341","targetHints":{"allow":["GET"]}}],"collection":[{"href":"https:\/\/www.hashtag.al\/index.php\/wp-json\/wp\/v2\/posts"}],"about":[{"href":"https:\/\/www.hashtag.al\/index.php\/wp-json\/wp\/v2\/types\/post"}],"author":[{"embeddable":true,"href":"https:\/\/www.hashtag.al\/index.php\/wp-json\/wp\/v2\/users\/30"}],"replies":[{"embeddable":true,"href":"https:\/\/www.hashtag.al\/index.php\/wp-json\/wp\/v2\/comments?post=242341"}],"version-history":[{"count":0,"href":"https:\/\/www.hashtag.al\/index.php\/wp-json\/wp\/v2\/posts\/242341\/revisions"}],"wp:featuredmedia":[{"embeddable":true,"href":"https:\/\/www.hashtag.al\/index.php\/wp-json\/wp\/v2\/media\/242343"}],"wp:attachment":[{"href":"https:\/\/www.hashtag.al\/index.php\/wp-json\/wp\/v2\/media?parent=242341"}],"wp:term":[{"taxonomy":"category","embeddable":true,"href":"https:\/\/www.hashtag.al\/index.php\/wp-json\/wp\/v2\/categories?post=242341"},{"taxonomy":"post_tag","embeddable":true,"href":"https:\/\/www.hashtag.al\/index.php\/wp-json\/wp\/v2\/tags?post=242341"}],"curies":[{"name":"wp","href":"https:\/\/api.w.org\/{rel}","templated":true}]}}