{"id":242127,"date":"2018-10-16T21:10:44","date_gmt":"2018-10-16T19:10:44","guid":{"rendered":"https:\/\/hashtag.al\/?p=242127"},"modified":"2018-10-16T21:14:03","modified_gmt":"2018-10-16T19:14:03","slug":"rama-i-prere-me-1-janar-do-te-mbyllen-pikat-e-basteve-dhe-ato-online","status":"publish","type":"post","link":"https:\/\/www.hashtag.al\/index.php\/2018\/10\/16\/rama-i-prere-me-1-janar-do-te-mbyllen-pikat-e-basteve-dhe-ato-online\/","title":{"rendered":"Rama i prer\u00eb: M\u00eb 1 Janar do t\u00eb mbyllen pikat e basteve dhe ato online","gt_translate_keys":[{"key":"rendered","format":"text"}]},"content":{"rendered":"<p><img loading=\"lazy\" decoding=\"async\" class=\"alignnone size-full wp-image-241265\" src=\"https:\/\/hashtag.al\/wp-content\/uploads\/2018\/10\/ramagazetaret.jpg\" alt=\"\" width=\"900\" height=\"540\" srcset=\"https:\/\/www.hashtag.al\/wp-content\/uploads\/2018\/10\/ramagazetaret.jpg 900w, https:\/\/www.hashtag.al\/wp-content\/uploads\/2018\/10\/ramagazetaret-300x180.jpg 300w, https:\/\/www.hashtag.al\/wp-content\/uploads\/2018\/10\/ramagazetaret-768x461.jpg 768w\" sizes=\"auto, (max-width: 900px) 100vw, 900px\" \/><\/p>\n<p><span style=\"color: #000000;\">Kryeminsitri Edi Rama \u00ebsht\u00eb shprehur i prer\u00eb se n\u00eb 1 Janar do t\u00eb mbyllen t\u00eb gjitha pikat e basteve duke p\u00ebrfshir\u00eb edhe ato online.<\/span><\/p>\n<p><span style=\"color: #000000;\">&#8220;Kjo ka qen\u00eb nj\u00eb p\u00ebrpjeke e nisur koh\u00eb m\u00eb par\u00eb. Ka nisur p\u00ebr kaziont\u00eb elektronike n\u00eb at\u00eb koh\u00eb dhe d\u00ebshtoi n\u00eb parlament. Ato jan\u00eb nj\u00eb mortje q\u00eb \u00ebsht\u00eb kudo edhe do t\u00eb mbyllen.<\/span><\/p>\n<p><span style=\"color: #000000;\">Do t\u00eb mbyllen t\u00eb gjitha dhe vendimi \u00ebsht\u00eb i qart\u00eb. Ne kemi ngritur nje grup pun\u00eb q\u00eb po merret me online. N\u00eb 1 Janar do t\u00eb mbyllet edhe ky monopoli online dhe ato q\u00eb jan\u00eb n\u00ebp\u00ebr lokale. Do t\u00eb diskutohet n\u00eb nj\u00eb faz\u00eb tjet\u00ebr n\u00ebse do t\u00eb lejohet online. Me k\u00ebt\u00eb ne po i heqim miliarda krimit t\u00eb organizuar.&#8221;, u shpreh Rama n\u00eb emisionin &#8220;Dritare me Rudin\u00ebn&#8221; n\u00eb News 24.<\/span><\/p>\n<p><span style=\"color: #000000;\">M\u00eb tej kryeministri deklaroi: &#8220;Do ikin kudo se jan\u00eb nj\u00eb mortje. Ne kemi marr\u00eb nj\u00eb s\u00ebr\u00eb masash dhe kompanit\u00eb jan\u00eb p\u00ebrgjysmuar dhe t\u00eb ardhurat jan\u00eb rritur. Por ka ene infromalitet dhe burime kriminale. Do mbyllen t\u00eb gjitha.&#8221;<\/span><img loading=\"lazy\" decoding=\"async\" class=\"alignnone wp-image-241215\" src=\"https:\/\/hashtag.al\/wp-content\/uploads\/2018\/10\/ramaaaaaaaaaaaaa.png\" alt=\"\" width=\"829\" height=\"466\" srcset=\"https:\/\/www.hashtag.al\/wp-content\/uploads\/2018\/10\/ramaaaaaaaaaaaaa.png 726w, https:\/\/www.hashtag.al\/wp-content\/uploads\/2018\/10\/ramaaaaaaaaaaaaa-300x169.png 300w\" sizes=\"auto, (max-width: 829px) 100vw, 829px\" \/><\/p>\n","protected":false,"gt_translate_keys":[{"key":"rendered","format":"html"}]},"excerpt":{"rendered":"<p>Kryeminsitri Edi Rama \u00ebsht\u00eb shprehur i prer\u00eb se n\u00eb 1 Janar do t\u00eb mbyllen t\u00eb gjitha pikat e basteve duke p\u00ebrfshir\u00eb edhe ato online. &#8220;Kjo ka qen\u00eb nj\u00eb p\u00ebrpjeke e nisur koh\u00eb m\u00eb par\u00eb. Ka nisur p\u00ebr kaziont\u00eb elektronike n\u00eb at\u00eb koh\u00eb dhe d\u00ebshtoi n\u00eb parlament. Ato jan\u00eb nj\u00eb mortje q\u00eb \u00ebsht\u00eb kudo edhe do [&hellip;]<\/p>\n","protected":false,"gt_translate_keys":[{"key":"rendered","format":"html"}]},"author":30,"featured_media":241265,"comment_status":"open","ping_status":"open","sticky":false,"template":"","format":"standard","meta":{"footnotes":""},"categories":[65],"tags":[],"class_list":["post-242127","post","type-post","status-publish","format-standard","has-post-thumbnail","hentry","category-lajme"],"gt_translate_keys":[{"key":"link","format":"url"}],"_links":{"self":[{"href":"https:\/\/www.hashtag.al\/index.php\/wp-json\/wp\/v2\/posts\/242127","targetHints":{"allow":["GET"]}}],"collection":[{"href":"https:\/\/www.hashtag.al\/index.php\/wp-json\/wp\/v2\/posts"}],"about":[{"href":"https:\/\/www.hashtag.al\/index.php\/wp-json\/wp\/v2\/types\/post"}],"author":[{"embeddable":true,"href":"https:\/\/www.hashtag.al\/index.php\/wp-json\/wp\/v2\/users\/30"}],"replies":[{"embeddable":true,"href":"https:\/\/www.hashtag.al\/index.php\/wp-json\/wp\/v2\/comments?post=242127"}],"version-history":[{"count":0,"href":"https:\/\/www.hashtag.al\/index.php\/wp-json\/wp\/v2\/posts\/242127\/revisions"}],"wp:featuredmedia":[{"embeddable":true,"href":"https:\/\/www.hashtag.al\/index.php\/wp-json\/wp\/v2\/media\/241265"}],"wp:attachment":[{"href":"https:\/\/www.hashtag.al\/index.php\/wp-json\/wp\/v2\/media?parent=242127"}],"wp:term":[{"taxonomy":"category","embeddable":true,"href":"https:\/\/www.hashtag.al\/index.php\/wp-json\/wp\/v2\/categories?post=242127"},{"taxonomy":"post_tag","embeddable":true,"href":"https:\/\/www.hashtag.al\/index.php\/wp-json\/wp\/v2\/tags?post=242127"}],"curies":[{"name":"wp","href":"https:\/\/api.w.org\/{rel}","templated":true}]}}