{"id":241917,"date":"2018-10-16T08:17:02","date_gmt":"2018-10-16T06:17:02","guid":{"rendered":"https:\/\/hashtag.al\/?p=241917"},"modified":"2018-10-16T08:19:28","modified_gmt":"2018-10-16T06:19:28","slug":"permbytjet-me-te-keqija-ne-100-vjet-shkon-ne-10-numri-i-te-vdekurve-ne-france-foto-video","status":"publish","type":"post","link":"https:\/\/www.hashtag.al\/index.php\/2018\/10\/16\/permbytjet-me-te-keqija-ne-100-vjet-shkon-ne-10-numri-i-te-vdekurve-ne-france-foto-video\/","title":{"rendered":"&#8216;P\u00ebrmbytjet m\u00eb t\u00eb k\u00ebqija n\u00eb 100 vjet&#8217;, shkon n\u00eb 10 numri i t\u00eb vdekurve n\u00eb Franc\u00eb (FOTO\/VIDEO)","gt_translate_keys":[{"key":"rendered","format":"text"}]},"content":{"rendered":"<p><img loading=\"lazy\" decoding=\"async\" class=\"aligncenter wp-image-241922\" src=\"https:\/\/hashtag.al\/wp-content\/uploads\/2018\/10\/france-1.jpg\" alt=\"\" width=\"996\" height=\"560\" srcset=\"https:\/\/www.hashtag.al\/wp-content\/uploads\/2018\/10\/france-1.jpg 624w, https:\/\/www.hashtag.al\/wp-content\/uploads\/2018\/10\/france-1-300x169.jpg 300w\" sizes=\"auto, (max-width: 996px) 100vw, 996px\" \/><\/p>\n<p><span style=\"color: #000000;\">Numri i t\u00eb vdekurve nga p\u00ebrmbytjet n\u00eb Aude t\u00eb Franc\u00ebs, ka shkuar n\u00eb 10.\u00a0 Situata paraqitet e r\u00ebnd\u00eb n\u00eb rajonin jugor francez, ku sipas autoriteteteve, sasia e reshjeve q\u00eb zakonisht bie p\u00ebr m\u00eb shum\u00eb se tre muaj, ra brenda or\u00ebsh.<\/span><\/p>\n<p><span style=\"color: #000000;\">Numri i t\u00eb vdekurve fillimisht u raportua t\u00eb ishte 13, \u00a0por ministria e brendshme e Franc\u00ebs shpjegoi \u00a0se b\u00ebhej fjal\u00eb p\u00ebr nj\u00eb gabim ku disa prej t\u00eb vdekurve ishin num\u00ebruar dy her\u00eb.<\/span><\/p>\n<p><span style=\"color: #000000;\">Sipas televizionit lokal BFMTV, nj\u00eb murgesh\u00eb u zhduk nga lumi Aude. Nj\u00eb polic q\u00eb u p\u00ebrfshi n\u00eb nj\u00eb aksident trafiku n\u00eb qytetin Albi, u godit dhe u vra nga nj\u00eb motorist.<\/span><\/p>\n<p><span style=\"color: #000000;\">P\u00ebrpos 10 viktimave, raportohen tet\u00eb t\u00eb plagosur me plag\u00eb serioze.<\/span><\/p>\n<p><span style=\"color: #000000;\">Alain Thirion, prefekti i Aude, tha se njer\u00ebzit kishin mbetur t\u00eb bllokuar n\u00eb \u00e7ati dhe duhej t\u00eb evakuoheshin nga ajri sepse, ishte shum\u00eb e rrezikshme me anije.<\/span><\/p>\n<p><span style=\"color: #000000;\"><span style=\"color: #0000ff;\"><a style=\"color: #0000ff;\" href=\"https:\/\/www.bbc.com\/news\/world-europe-45861428\">BBC<\/a><\/span> shkruan se k\u00ebto jan\u00eb p\u00ebrmbytjet m\u00eb t\u00eb k\u00ebqija q\u00eb lumi Aude ka par\u00eb p\u00ebr m\u00eb shum\u00eb se 100 vjet, sipas sh\u00ebrbimit t\u00eb monitorimit t\u00eb motit Vigicrues.<\/span><\/p>\n<p><span style=\"color: #000000;\">T\u00eb gjitha shkollat n\u00eb rajon u mbyll\u00ebn dhe banor\u00ebt u paralajm\u00ebruan t\u00eb q\u00ebndronin n\u00eb sht\u00ebpi.<\/span><\/p>\n<p><span style=\"color: #000000;\">P\u00ebrmbytjet arrit\u00ebn deri n\u00eb 7 metra n\u00eb qytetin Trebes, q\u00eb \u00ebsht\u00eb niveli m\u00eb i lart\u00eb q\u00eb nga viti 1891.<\/span><\/p>\n<p><img loading=\"lazy\" decoding=\"async\" class=\"aligncenter wp-image-241918\" src=\"https:\/\/hashtag.al\/wp-content\/uploads\/2018\/10\/44197034_1339612479508107_8507253928931360768_n.jpg\" alt=\"\" width=\"613\" height=\"1089\" srcset=\"https:\/\/www.hashtag.al\/wp-content\/uploads\/2018\/10\/44197034_1339612479508107_8507253928931360768_n.jpg 540w, https:\/\/www.hashtag.al\/wp-content\/uploads\/2018\/10\/44197034_1339612479508107_8507253928931360768_n-169x300.jpg 169w\" sizes=\"auto, (max-width: 613px) 100vw, 613px\" \/> <img loading=\"lazy\" decoding=\"async\" class=\"aligncenter wp-image-241919\" src=\"https:\/\/hashtag.al\/wp-content\/uploads\/2018\/10\/44122226_1339612426174779_5023770057256206336_n.jpg\" alt=\"\" width=\"625\" height=\"1111\" srcset=\"https:\/\/www.hashtag.al\/wp-content\/uploads\/2018\/10\/44122226_1339612426174779_5023770057256206336_n.jpg 540w, https:\/\/www.hashtag.al\/wp-content\/uploads\/2018\/10\/44122226_1339612426174779_5023770057256206336_n-169x300.jpg 169w\" sizes=\"auto, (max-width: 625px) 100vw, 625px\" \/> <img loading=\"lazy\" decoding=\"async\" class=\"aligncenter wp-image-241920\" src=\"https:\/\/hashtag.al\/wp-content\/uploads\/2018\/10\/59.jpg\" alt=\"\" width=\"633\" height=\"375\" srcset=\"https:\/\/www.hashtag.al\/wp-content\/uploads\/2018\/10\/59.jpg 590w, https:\/\/www.hashtag.al\/wp-content\/uploads\/2018\/10\/59-300x178.jpg 300w\" sizes=\"auto, (max-width: 633px) 100vw, 633px\" \/> <img loading=\"lazy\" decoding=\"async\" class=\"aligncenter size-full wp-image-241921\" src=\"https:\/\/hashtag.al\/wp-content\/uploads\/2018\/10\/155.jpg\" alt=\"\" width=\"634\" height=\"422\" srcset=\"https:\/\/www.hashtag.al\/wp-content\/uploads\/2018\/10\/155.jpg 634w, https:\/\/www.hashtag.al\/wp-content\/uploads\/2018\/10\/155-300x200.jpg 300w\" sizes=\"auto, (max-width: 634px) 100vw, 634px\" \/><\/p>\n<p><iframe loading=\"lazy\" style=\"border: none; overflow: hidden;\" src=\"https:\/\/www.facebook.com\/plugins\/video.php?href=https%3A%2F%2Fwww.facebook.com%2FMeteoExpress%2Fvideos%2F2094353204212904%2F&amp;show_text=0&amp;width=269\" width=\"269\" height=\"476\" frameborder=\"0\" scrolling=\"no\" allowfullscreen=\"allowfullscreen\"><\/iframe><\/p>\n","protected":false,"gt_translate_keys":[{"key":"rendered","format":"html"}]},"excerpt":{"rendered":"<p>Numri i t\u00eb vdekurve nga p\u00ebrmbytjet n\u00eb Aude t\u00eb Franc\u00ebs, ka shkuar n\u00eb 10.\u00a0 Situata paraqitet e r\u00ebnd\u00eb n\u00eb rajonin jugor francez, ku sipas autoriteteteve, sasia e reshjeve q\u00eb zakonisht bie p\u00ebr m\u00eb shum\u00eb se tre muaj, ra brenda or\u00ebsh. Numri i t\u00eb vdekurve fillimisht u raportua t\u00eb ishte 13, \u00a0por ministria e brendshme e [&hellip;]<\/p>\n","protected":false,"gt_translate_keys":[{"key":"rendered","format":"html"}]},"author":30,"featured_media":241922,"comment_status":"open","ping_status":"open","sticky":false,"template":"","format":"standard","meta":{"footnotes":""},"categories":[6],"tags":[],"class_list":["post-241917","post","type-post","status-publish","format-standard","has-post-thumbnail","hentry","category-nderkombetare"],"gt_translate_keys":[{"key":"link","format":"url"}],"_links":{"self":[{"href":"https:\/\/www.hashtag.al\/index.php\/wp-json\/wp\/v2\/posts\/241917","targetHints":{"allow":["GET"]}}],"collection":[{"href":"https:\/\/www.hashtag.al\/index.php\/wp-json\/wp\/v2\/posts"}],"about":[{"href":"https:\/\/www.hashtag.al\/index.php\/wp-json\/wp\/v2\/types\/post"}],"author":[{"embeddable":true,"href":"https:\/\/www.hashtag.al\/index.php\/wp-json\/wp\/v2\/users\/30"}],"replies":[{"embeddable":true,"href":"https:\/\/www.hashtag.al\/index.php\/wp-json\/wp\/v2\/comments?post=241917"}],"version-history":[{"count":0,"href":"https:\/\/www.hashtag.al\/index.php\/wp-json\/wp\/v2\/posts\/241917\/revisions"}],"wp:featuredmedia":[{"embeddable":true,"href":"https:\/\/www.hashtag.al\/index.php\/wp-json\/wp\/v2\/media\/241922"}],"wp:attachment":[{"href":"https:\/\/www.hashtag.al\/index.php\/wp-json\/wp\/v2\/media?parent=241917"}],"wp:term":[{"taxonomy":"category","embeddable":true,"href":"https:\/\/www.hashtag.al\/index.php\/wp-json\/wp\/v2\/categories?post=241917"},{"taxonomy":"post_tag","embeddable":true,"href":"https:\/\/www.hashtag.al\/index.php\/wp-json\/wp\/v2\/tags?post=241917"}],"curies":[{"name":"wp","href":"https:\/\/api.w.org\/{rel}","templated":true}]}}