{"id":241802,"date":"2018-10-15T18:54:06","date_gmt":"2018-10-15T16:54:06","guid":{"rendered":"https:\/\/hashtag.al\/?p=241802"},"modified":"2018-10-15T19:56:42","modified_gmt":"2018-10-15T17:56:42","slug":"debati-ne-bruksel-per-ballen-pd-u-tregoi-te-tjereve-te-palarat-e-shtepise","status":"publish","type":"post","link":"https:\/\/www.hashtag.al\/index.php\/2018\/10\/15\/debati-ne-bruksel-per-ballen-pd-u-tregoi-te-tjereve-te-palarat-e-shtepise\/","title":{"rendered":"Debati n\u00eb Bruksel p\u00ebr Ball\u00ebn: PD u tregoi t\u00eb tjer\u00ebve t\u00eb palarat e sht\u00ebpis\u00eb","gt_translate_keys":[{"key":"rendered","format":"text"}]},"content":{"rendered":"<p><img loading=\"lazy\" decoding=\"async\" class=\"alignnone size-full wp-image-241803\" src=\"https:\/\/hashtag.al\/wp-content\/uploads\/2018\/10\/veliaj.png\" alt=\"\" width=\"704\" height=\"430\" srcset=\"https:\/\/www.hashtag.al\/wp-content\/uploads\/2018\/10\/veliaj.png 704w, https:\/\/www.hashtag.al\/wp-content\/uploads\/2018\/10\/veliaj-300x183.png 300w\" sizes=\"auto, (max-width: 704px) 100vw, 704px\" \/><\/p>\n<p><span style=\"color: #000000;\">Kryetari i komisionit t\u00eb p\u00ebrbashk\u00ebt nd\u00ebrparlamentar Shqip\u00ebri-BE, deputeti demokrat, Genc Pollo, k\u00ebrkoi sot q\u00eb komisioni t\u00eb mos drejtohej m\u00eb nga Taulant Balla, i cili akuzohet p\u00ebr lidhje me krimin e organizuar. Pas k\u00ebrkes\u00ebs s\u00eb Pollos, deputet\u00ebt e opozit\u00ebs u larguan nga mbledhja.<\/span><\/p>\n<p><span style=\"color: #000000;\">N\u00eb lidhje me k\u00ebt\u00eb veprim t\u00eb demokrat\u00ebve dhe akuzave ndaj Ball\u00ebs ka folur edhe Erion Veliaj. Teksa filloj t\u00eb b\u00ebnte propagand\u00eb p\u00ebr pikat e basteve, p\u00ebr pun\u00ebt\u00a0 e bashkis\u00eb ai u ndal edhe te ky diskutim.<\/span><\/p>\n<p><span style=\"color: #000000;\">Veliaj u shpreh se kjo situata \u00ebsht\u00eb nj\u00ebsoj si t\u00eb nxjerr\u00ebsh rrobat e palara t\u00eb sht\u00ebpis\u00eb n\u00eb ballkon. Pra q\u00eb t\u00eb palarat e sht\u00ebpis\u00eb\u00a0 sot demokrat\u00ebt ua treguan europian\u00ebve.<\/span><\/p>\n<p><span style=\"color: #000000;\">&#8220;E kemi at\u00eb turpin o me shajt vendin ton\u00eb kur jemi jasht\u00eb o na ngec buka n\u00eb fyt. S\u2019ka pse, \u00ebsht\u00eb si n\u00eb sht\u00ebpit\u00eb tona. \u00cbsht\u00eb tani sikur un\u00eb t\u00eb marr pelenat e palara t\u00eb \u00e7unit tim dhe t&#8217;i v\u00eb n\u00eb ballkon. Secili rrobat e palara i mban n\u00eb sht\u00ebpi. N\u00ebse ka nevoj\u00eb q\u00eb ca gjera t\u2019i sqarojm\u00eb le t\u2019i b\u00ebjm\u00eb brenda vendit. Kur dalim jasht\u00eb secili vesh kostumin e tij m\u00eb t\u00eb mir\u00eb. Nuk kemi ne nevoj\u00eb t&#8217;i xjerrim boj\u00ebn nj\u00ebri tjetrit aq m\u00eb tep\u00ebr kur jan\u00eb t\u00eb sajuara. Ne nuk i zgjedhim dot kund\u00ebrshtar\u00ebt tan\u00eb. Ne sot punojm\u00eb p\u00ebr m\u00eb t\u00eb mir\u00ebn.&#8221;, u shpreh Veliaj teksa po flet p\u00ebr bilancin e pun\u00ebs s\u00eb tij 3-vje\u00e7are.<\/span><\/p>\n<p><img loading=\"lazy\" decoding=\"async\" class=\"alignnone size-full wp-image-235460\" src=\"https:\/\/hashtag.al\/wp-content\/uploads\/2018\/09\/Erion-veliaj-compressor-1.jpg\" alt=\"\" width=\"766\" height=\"440\" \/><\/p>\n","protected":false,"gt_translate_keys":[{"key":"rendered","format":"html"}]},"excerpt":{"rendered":"<p>Kryetari i komisionit t\u00eb p\u00ebrbashk\u00ebt nd\u00ebrparlamentar Shqip\u00ebri-BE, deputeti demokrat, Genc Pollo, k\u00ebrkoi sot q\u00eb komisioni t\u00eb mos drejtohej m\u00eb nga Taulant Balla, i cili akuzohet p\u00ebr lidhje me krimin e organizuar. Pas k\u00ebrkes\u00ebs s\u00eb Pollos, deputet\u00ebt e opozit\u00ebs u larguan nga mbledhja. N\u00eb lidhje me k\u00ebt\u00eb veprim t\u00eb demokrat\u00ebve dhe akuzave ndaj Ball\u00ebs ka folur [&hellip;]<\/p>\n","protected":false,"gt_translate_keys":[{"key":"rendered","format":"html"}]},"author":30,"featured_media":241803,"comment_status":"open","ping_status":"open","sticky":false,"template":"","format":"standard","meta":{"footnotes":""},"categories":[65],"tags":[],"class_list":["post-241802","post","type-post","status-publish","format-standard","has-post-thumbnail","hentry","category-lajme"],"gt_translate_keys":[{"key":"link","format":"url"}],"_links":{"self":[{"href":"https:\/\/www.hashtag.al\/index.php\/wp-json\/wp\/v2\/posts\/241802","targetHints":{"allow":["GET"]}}],"collection":[{"href":"https:\/\/www.hashtag.al\/index.php\/wp-json\/wp\/v2\/posts"}],"about":[{"href":"https:\/\/www.hashtag.al\/index.php\/wp-json\/wp\/v2\/types\/post"}],"author":[{"embeddable":true,"href":"https:\/\/www.hashtag.al\/index.php\/wp-json\/wp\/v2\/users\/30"}],"replies":[{"embeddable":true,"href":"https:\/\/www.hashtag.al\/index.php\/wp-json\/wp\/v2\/comments?post=241802"}],"version-history":[{"count":0,"href":"https:\/\/www.hashtag.al\/index.php\/wp-json\/wp\/v2\/posts\/241802\/revisions"}],"wp:featuredmedia":[{"embeddable":true,"href":"https:\/\/www.hashtag.al\/index.php\/wp-json\/wp\/v2\/media\/241803"}],"wp:attachment":[{"href":"https:\/\/www.hashtag.al\/index.php\/wp-json\/wp\/v2\/media?parent=241802"}],"wp:term":[{"taxonomy":"category","embeddable":true,"href":"https:\/\/www.hashtag.al\/index.php\/wp-json\/wp\/v2\/categories?post=241802"},{"taxonomy":"post_tag","embeddable":true,"href":"https:\/\/www.hashtag.al\/index.php\/wp-json\/wp\/v2\/tags?post=241802"}],"curies":[{"name":"wp","href":"https:\/\/api.w.org\/{rel}","templated":true}]}}