{"id":241732,"date":"2018-10-15T15:45:45","date_gmt":"2018-10-15T13:45:45","guid":{"rendered":"https:\/\/hashtag.al\/?p=241732"},"modified":"2018-10-15T15:49:05","modified_gmt":"2018-10-15T13:49:05","slug":"balla-nga-brukseli-te-me-behet-gjyqi-ketu-nese-akuzat-e-opozites-jane-te-verteta","status":"publish","type":"post","link":"https:\/\/www.hashtag.al\/index.php\/2018\/10\/15\/balla-nga-brukseli-te-me-behet-gjyqi-ketu-nese-akuzat-e-opozites-jane-te-verteta\/","title":{"rendered":"Balla nga Brukseli: T\u00eb m\u00eb b\u00ebhet gjyqi k\u00ebtu n\u00ebse akuzat e opozit\u00ebs jan\u00eb t\u00eb v\u00ebrteta","gt_translate_keys":[{"key":"rendered","format":"text"}]},"content":{"rendered":"<p><span style=\"color: #000000;\"><img loading=\"lazy\" decoding=\"async\" class=\"alignnone size-full wp-image-241733\" src=\"https:\/\/hashtag.al\/wp-content\/uploads\/2018\/10\/balla-3.jpg\" alt=\"\" width=\"848\" height=\"480\" srcset=\"https:\/\/www.hashtag.al\/wp-content\/uploads\/2018\/10\/balla-3.jpg 848w, https:\/\/www.hashtag.al\/wp-content\/uploads\/2018\/10\/balla-3-300x170.jpg 300w, https:\/\/www.hashtag.al\/wp-content\/uploads\/2018\/10\/balla-3-768x435.jpg 768w\" sizes=\"auto, (max-width: 848px) 100vw, 848px\" \/><\/span><\/p>\n<p><span style=\"color: #000000;\">Kreu i Grupit Parlmentar t\u00eb PS-s\u00eb Taulant Balla nga Komisioni i PE-s\u00eb n\u00eb Bruksel ka reaguar n\u00eb lidhje me akuzat e PD-s\u00eb.\u00a0 Balla u shpreh se n\u00ebse akuzat q\u00eb l\u00ebshoi deputeti i PD-s\u00eb Genc Pollo jan\u00eb t\u00eb v\u00ebrteta \u00ebsht\u00eb i gatsh\u00ebm q\u00eb t\u2019i b\u00ebhet gjyqi n\u00eb aty.\u00a0<\/span><\/p>\n<p><span style=\"color: #000000;\">&#8220;Koleg\u00ebt e PD-s\u00eb duhet t\u00eb din\u00eb q\u00eb n\u00eb pushtet\u00a0 vjen n\u00ebp\u00ebrmjet zgjedhjeve dhe vot\u00ebs s\u00eb popullit e cila vendos se kush do t\u00eb qeveris\u00eb. Ne duhet t\u00eb l\u00ebm\u00eb betejat tona n\u00eb Shqip\u00ebri, dhe k\u00ebtu t\u00eb bashkojm\u00eb forcat me ju. N\u00ebse akuzat e opozit\u00ebs jan\u00eb t\u00eb v\u00ebrteta, t\u00eb m\u00eb b\u00ebhet gjyqi k\u00ebtu&#8221;&#8221;, tha ai.<\/span><\/p>\n<div><span style=\"color: #000000;\">Kryetari i komisionit t\u00eb p\u00ebrbashk\u00ebt nd\u00ebrparlamentar Shqip\u00ebri-BE, deputeti demokrat, Genc Pollo, k\u00ebrkoi q\u00eb komisioni t\u00eb mos drejtohet m\u00eb nga Taulant Balla, i cili akuzohet p\u00ebr lidhje me krimin e organizuar. Mbledhja e Komisionit t\u00eb P\u00ebrbashk\u00ebt Nd\u00ebrparlamentar Shqip\u00ebri-BE n\u00eb Bruksel ka nisur sot dhe \u00ebsht\u00eb shoq\u00ebruar me debate.<\/span><\/div>\n<div>\n<p><span style=\"color: #000000;\">Pas k\u00ebrkes\u00ebs s\u00eb Pollos, deputet\u00ebt e opozit\u00ebs u larguan nga mbledhja.<\/span><\/p>\n<\/div>\n<div><img loading=\"lazy\" decoding=\"async\" class=\"alignnone wp-image-241734\" src=\"https:\/\/hashtag.al\/wp-content\/uploads\/2018\/10\/balla-4-1.png\" alt=\"\" width=\"886\" height=\"407\" srcset=\"https:\/\/www.hashtag.al\/wp-content\/uploads\/2018\/10\/balla-4-1.png 494w, https:\/\/www.hashtag.al\/wp-content\/uploads\/2018\/10\/balla-4-1-300x138.png 300w\" sizes=\"auto, (max-width: 886px) 100vw, 886px\" \/><\/div>\n","protected":false,"gt_translate_keys":[{"key":"rendered","format":"html"}]},"excerpt":{"rendered":"<p>Kreu i Grupit Parlmentar t\u00eb PS-s\u00eb Taulant Balla nga Komisioni i PE-s\u00eb n\u00eb Bruksel ka reaguar n\u00eb lidhje me akuzat e PD-s\u00eb.\u00a0 Balla u shpreh se n\u00ebse akuzat q\u00eb l\u00ebshoi deputeti i PD-s\u00eb Genc Pollo jan\u00eb t\u00eb v\u00ebrteta \u00ebsht\u00eb i gatsh\u00ebm q\u00eb t\u2019i b\u00ebhet gjyqi n\u00eb aty.\u00a0 &#8220;Koleg\u00ebt e PD-s\u00eb duhet t\u00eb din\u00eb q\u00eb n\u00eb [&hellip;]<\/p>\n","protected":false,"gt_translate_keys":[{"key":"rendered","format":"html"}]},"author":30,"featured_media":241735,"comment_status":"open","ping_status":"open","sticky":false,"template":"","format":"standard","meta":{"footnotes":""},"categories":[65],"tags":[],"class_list":["post-241732","post","type-post","status-publish","format-standard","has-post-thumbnail","hentry","category-lajme"],"gt_translate_keys":[{"key":"link","format":"url"}],"_links":{"self":[{"href":"https:\/\/www.hashtag.al\/index.php\/wp-json\/wp\/v2\/posts\/241732","targetHints":{"allow":["GET"]}}],"collection":[{"href":"https:\/\/www.hashtag.al\/index.php\/wp-json\/wp\/v2\/posts"}],"about":[{"href":"https:\/\/www.hashtag.al\/index.php\/wp-json\/wp\/v2\/types\/post"}],"author":[{"embeddable":true,"href":"https:\/\/www.hashtag.al\/index.php\/wp-json\/wp\/v2\/users\/30"}],"replies":[{"embeddable":true,"href":"https:\/\/www.hashtag.al\/index.php\/wp-json\/wp\/v2\/comments?post=241732"}],"version-history":[{"count":0,"href":"https:\/\/www.hashtag.al\/index.php\/wp-json\/wp\/v2\/posts\/241732\/revisions"}],"wp:featuredmedia":[{"embeddable":true,"href":"https:\/\/www.hashtag.al\/index.php\/wp-json\/wp\/v2\/media\/241735"}],"wp:attachment":[{"href":"https:\/\/www.hashtag.al\/index.php\/wp-json\/wp\/v2\/media?parent=241732"}],"wp:term":[{"taxonomy":"category","embeddable":true,"href":"https:\/\/www.hashtag.al\/index.php\/wp-json\/wp\/v2\/categories?post=241732"},{"taxonomy":"post_tag","embeddable":true,"href":"https:\/\/www.hashtag.al\/index.php\/wp-json\/wp\/v2\/tags?post=241732"}],"curies":[{"name":"wp","href":"https:\/\/api.w.org\/{rel}","templated":true}]}}