{"id":241661,"date":"2018-10-15T11:51:22","date_gmt":"2018-10-15T09:51:22","guid":{"rendered":"https:\/\/hashtag.al\/?p=241661"},"modified":"2018-10-15T12:03:32","modified_gmt":"2018-10-15T10:03:32","slug":"kush-eshte-shqiptarja-nga-kukesi-qe-garon-ne-zgjedhjet-lokale-ne-belgjike-profil","status":"publish","type":"post","link":"https:\/\/www.hashtag.al\/index.php\/2018\/10\/15\/kush-eshte-shqiptarja-nga-kukesi-qe-garon-ne-zgjedhjet-lokale-ne-belgjike-profil\/","title":{"rendered":"Kush \u00ebsht\u00eb shqiptarja nga Kuk\u00ebsi q\u00eb garon n\u00eb zgjedhjet lokale n\u00eb Belgjik\u00eb &#8211; PROFIL","gt_translate_keys":[{"key":"rendered","format":"text"}]},"content":{"rendered":"<p><img loading=\"lazy\" decoding=\"async\" class=\"aligncenter size-full wp-image-241664\" src=\"https:\/\/hashtag.al\/wp-content\/uploads\/2018\/10\/denisa.jpg\" alt=\"\" width=\"1600\" height=\"399\" srcset=\"https:\/\/www.hashtag.al\/wp-content\/uploads\/2018\/10\/denisa.jpg 1600w, https:\/\/www.hashtag.al\/wp-content\/uploads\/2018\/10\/denisa-300x75.jpg 300w, https:\/\/www.hashtag.al\/wp-content\/uploads\/2018\/10\/denisa-1024x255.jpg 1024w, https:\/\/www.hashtag.al\/wp-content\/uploads\/2018\/10\/denisa-768x192.jpg 768w, https:\/\/www.hashtag.al\/wp-content\/uploads\/2018\/10\/denisa-1536x383.jpg 1536w\" sizes=\"auto, (max-width: 1600px) 100vw, 1600px\" \/><\/p>\n<p><span style=\"color: #000000;\">Nuk \u00ebsht\u00eb e leht\u00eb t\u00eb integrohesh n\u00eb nj\u00eb vend t\u00eb huaj, ama Denisa Nela ia ka dal\u00eb m\u00eb s\u00eb miri q\u00eb jo vet\u00ebm t\u00eb integrohet n\u00eb Belgjik\u00eb, pas largimit nga Shqip\u00ebria, por gjithashtu po garon n\u00eb zgjedhjet lokale.<\/span><\/p>\n<p><span style=\"color: #000000;\">24-vje\u00e7arja Denisa Nela, me origjin\u00eb nga Kuk\u00ebsi, \u00ebsht\u00eb larguar drejt Belgjik\u00ebs kur ende nuk i kishte mbushur 10 vje\u00e7.<\/span><\/p>\n<p><em><span style=\"color: #000000;\">\u201cGjithmon\u00eb \u00ebsht\u00eb shum\u00eb e v\u00ebshtir\u00eb t\u00eb flas\u00ebsh p\u00ebr veten dhe, me pak fjal\u00eb, do t\u00eb p\u00ebrpiqem t&#8217;ju tregoj se kush jam dhe mbi t\u00eb gjitha pse un\u00eb investoj n\u00eb k\u00ebt\u00eb fushat\u00eb zgjedhore komunale.<\/span><\/em><\/p>\n<p><em><span style=\"color: #000000;\">E lindur m\u00eb 23 shkurt 1994 n\u00eb Shqip\u00ebrin\u00eb e veriut, n\u00eb Kuk\u00ebs, akoma s\u2019kishin kaluar 10 vjet pas lindjes time kur famija ime vendosi t\u00eb linte Shqip\u00ebrin\u00eb p\u00ebr arsye politike.<\/span><\/em><\/p>\n<p><em><span style=\"color: #000000;\">Kjo gj\u00eb do t\u00eb m\u00eb kujtoj\u00eb gjithmon\u00eb se liria \u00ebsht\u00eb e brisht\u00eb p\u00ebrball\u00eb totalitarizmit, liri q\u00eb duhet ta ruajm\u00eb n\u00eb m\u00ebnyr\u00eb q\u00eb t&#8217;ia kalojm\u00eb f\u00ebmij\u00ebve tan\u00eb &#8230;<\/span><\/em><\/p>\n<p><span style=\"color: #000000;\"><em>Un\u00eb jam ve\u00e7an\u00ebrisht mir\u00ebnjoh\u00ebse ndaj Belgjik\u00ebs, e cila \u00ebsht\u00eb b\u00ebr\u00eb vendi im dhe un\u00eb, gjithashtu, d\u00ebshiroj t\u00eb jap kontributin tim, n\u00eb m\u00ebnyr\u00eb q\u00eb ajo t\u00eb vazhdoj\u00eb t\u00eb mbetet kjo streh\u00eb novatore dhe e k\u00ebndshme e paqes.\u201d<\/em>, thot\u00eb Nela n\u00eb <span style=\"color: #0000ff;\"><a style=\"color: #0000ff;\" href=\"http:\/\/denisanela.be\/\">faqen<\/a> <\/span>e saj zyrtare.<\/span><\/p>\n<p><span style=\"color: #000000;\">Denisa Nela ka studiuar p\u00ebr Ekonomi-Financ\u00eb dhe po p\u00ebrfundon edhe specializimin p\u00ebr Fiskalitet. Aktualisht ajo punon n\u00eb zyr\u00ebn e financave n\u00eb nj\u00eb Organizat\u00eb Nd\u00ebrkomb\u00ebtare. Fokusi saj \u00ebsht\u00eb n\u00eb: menaxhimin e burimeve njer\u00ebzore, l\u00ebvizshm\u00ebrin\u00eb, biznesi e organizimi si dhe mir\u00ebqenia e kafsh\u00ebve.<\/span><\/p>\n<p><span style=\"color: #000000;\">Duke marr\u00eb parasysh formimin e saj, mb\u00ebshtetjen e familjes si dhe t\u00eb komunitetit t\u00eb zon\u00ebs, ajo ka vendosur q\u00eb t\u00eb garoj\u00eb n\u00eb zgjedhjet lokale p\u00ebr pozicionin e k\u00ebshilltares bashkiake, n\u00eb partin\u00eb Fronti Demokratik Frankofon.<\/span><\/p>\n<p><em><span style=\"color: #000000;\">\u201cDuke patur shansin e t\u00eb pasurit prind\u00ebr krenar\u00eb q\u00eb kurr\u00eb nuk kan\u00eb dashur t\u00eb jen\u00eb t\u00eb varur, sapo isha ligj\u00ebrisht e lejuar, i drejtova studimet e mia dhe pun\u00ebn time n\u00eb m\u00ebnyr\u00eb q\u00eb t\u00eb kisha mund\u00ebsin\u00eb t\u00eb p\u00ebrjetoja bamir\u00ebsin\u00eb, reklamimin, dhe tanim\u00eb edhe bot\u00ebn e financave dhe llogaritjeve.<\/span><\/em><\/p>\n<p><em><span style=\"color: #000000;\">Aktualisht, edhe pse s\u2019duket e mundur p\u00ebr disa, un\u00eb drejtoj time si Zyrtar i Financave n\u00eb nj\u00eb AISBL, me studimet n\u00eb kontabilitet \/ taksimi mbr\u00ebmjeve dhe natyrisht veprimi im politik.<\/span><\/em><\/p>\n<p><em><span style=\"color: #000000;\">Kjo gj\u00eb m\u00eb l\u00eb mua shum\u00eb pak koh\u00eb t\u00eb lir\u00eb, por m\u00eb b\u00ebn tep\u00ebr t\u00eb lumtur sepse e ndjej se duke e investuar v veten time n\u00eb k\u00ebt\u00eb m\u00ebnyr\u00eb, kontribuoj n\u00eb projektin q\u00eb e quajm\u00eb \u2018Belgjik\u00eb\u2019, shprehet Nela. 24-vje\u00e7arja shqiptare, kandidon p\u00ebr pozicionin e k\u00ebshilltares bashkiake, n\u00eb partin\u00eb Fronti Demokratik Frankofon.<\/span><\/em><\/p>\n<p><em><span style=\"color: #000000;\">Zgjedhjet u mbajt\u00ebn vet\u00ebm nj\u00eb dit\u00eb m\u00eb par\u00eb, nd\u00ebrsa ende pritet t\u00eb publikohen rezultatet p\u00ebrfundimtare.<\/span><\/em><\/p>\n<p><span style=\"color: #000000;\"><em>Mbr\u00ebmjen e kaluar, Nela publikoi n\u00eb rrjetet e saj sociale nj\u00eb foto me familjen e saj, krahas t\u00eb cil\u00ebs shkruan: \u201cFaleminderit!!!!! Nga zemra ime dhe e gjith\u00eb familja ime, ju dua!!\u201d,<\/em> shkruan Nela.<\/span><\/p>\n<p><span style=\"color: #000000;\">Deri m\u00eb tani, disa media belge shkruajn\u00eb se PS ka r\u00ebn\u00eb, por ka gjetur mb\u00ebshtetje n\u00eb provinc\u00ebn e Liege-s. <span style=\"color: #0000ff;\"><a style=\"color: #0000ff;\" href=\"https:\/\/bx1.be\/crainhem\/communales-2018-voici-premiers-resultats-elections-a-crainhem\/\">Nd\u00ebrkoh\u00eb<\/a> <\/span>lista e DEFI + MR + Independents \u00ebsht\u00eb n\u00eb krye me 40.8% t\u00eb votave dhe do t\u00eb marr\u00eb 11 vende. Nela mbetet ende n\u00eb gar\u00eb, deri n\u00eb p\u00ebrfundim t\u00eb num\u00ebrimit t\u00eb votave.<\/span><\/p>\n<p><img loading=\"lazy\" decoding=\"async\" class=\"aligncenter size-full wp-image-241663\" src=\"https:\/\/hashtag.al\/wp-content\/uploads\/2018\/10\/denisa-2.jpg\" alt=\"\" width=\"960\" height=\"958\" \/> <img loading=\"lazy\" decoding=\"async\" class=\"aligncenter wp-image-241662\" src=\"https:\/\/hashtag.al\/wp-content\/uploads\/2018\/10\/nela-2.jpg\" alt=\"\" width=\"867\" height=\"1156\" srcset=\"https:\/\/www.hashtag.al\/wp-content\/uploads\/2018\/10\/nela-2.jpg 300w, https:\/\/www.hashtag.al\/wp-content\/uploads\/2018\/10\/nela-2-225x300.jpg 225w\" sizes=\"auto, (max-width: 867px) 100vw, 867px\" \/><\/p>\n","protected":false,"gt_translate_keys":[{"key":"rendered","format":"html"}]},"excerpt":{"rendered":"<p>Nuk \u00ebsht\u00eb e leht\u00eb t\u00eb integrohesh n\u00eb nj\u00eb vend t\u00eb huaj, ama Denisa Nela ia ka dal\u00eb m\u00eb s\u00eb miri q\u00eb jo vet\u00ebm t\u00eb integrohet n\u00eb Belgjik\u00eb, pas largimit nga Shqip\u00ebria, por gjithashtu po garon n\u00eb zgjedhjet lokale. 24-vje\u00e7arja Denisa Nela, me origjin\u00eb nga Kuk\u00ebsi, \u00ebsht\u00eb larguar drejt Belgjik\u00ebs kur ende nuk i kishte mbushur [&hellip;]<\/p>\n","protected":false,"gt_translate_keys":[{"key":"rendered","format":"html"}]},"author":30,"featured_media":241669,"comment_status":"open","ping_status":"open","sticky":false,"template":"","format":"standard","meta":{"footnotes":""},"categories":[65],"tags":[],"class_list":["post-241661","post","type-post","status-publish","format-standard","has-post-thumbnail","hentry","category-lajme"],"gt_translate_keys":[{"key":"link","format":"url"}],"_links":{"self":[{"href":"https:\/\/www.hashtag.al\/index.php\/wp-json\/wp\/v2\/posts\/241661","targetHints":{"allow":["GET"]}}],"collection":[{"href":"https:\/\/www.hashtag.al\/index.php\/wp-json\/wp\/v2\/posts"}],"about":[{"href":"https:\/\/www.hashtag.al\/index.php\/wp-json\/wp\/v2\/types\/post"}],"author":[{"embeddable":true,"href":"https:\/\/www.hashtag.al\/index.php\/wp-json\/wp\/v2\/users\/30"}],"replies":[{"embeddable":true,"href":"https:\/\/www.hashtag.al\/index.php\/wp-json\/wp\/v2\/comments?post=241661"}],"version-history":[{"count":0,"href":"https:\/\/www.hashtag.al\/index.php\/wp-json\/wp\/v2\/posts\/241661\/revisions"}],"wp:featuredmedia":[{"embeddable":true,"href":"https:\/\/www.hashtag.al\/index.php\/wp-json\/wp\/v2\/media\/241669"}],"wp:attachment":[{"href":"https:\/\/www.hashtag.al\/index.php\/wp-json\/wp\/v2\/media?parent=241661"}],"wp:term":[{"taxonomy":"category","embeddable":true,"href":"https:\/\/www.hashtag.al\/index.php\/wp-json\/wp\/v2\/categories?post=241661"},{"taxonomy":"post_tag","embeddable":true,"href":"https:\/\/www.hashtag.al\/index.php\/wp-json\/wp\/v2\/tags?post=241661"}],"curies":[{"name":"wp","href":"https:\/\/api.w.org\/{rel}","templated":true}]}}