{"id":241580,"date":"2018-10-15T07:10:31","date_gmt":"2018-10-15T05:10:31","guid":{"rendered":"https:\/\/hashtag.al\/?p=241580"},"modified":"2018-10-15T10:36:39","modified_gmt":"2018-10-15T08:36:39","slug":"sali-berisha-feston-sot-74-vjetorin-e-lindjes-faleminderit-per-udhetimin-mahnites","status":"publish","type":"post","link":"https:\/\/www.hashtag.al\/index.php\/2018\/10\/15\/sali-berisha-feston-sot-74-vjetorin-e-lindjes-faleminderit-per-udhetimin-mahnites\/","title":{"rendered":"Sali Berisha feston sot 74-vjetorin e lindjes: Faleminderit p\u00ebr udh\u00ebtimin mahnit\u00ebs","gt_translate_keys":[{"key":"rendered","format":"text"}]},"content":{"rendered":"<p><span style=\"color: #000000;\"><img loading=\"lazy\" decoding=\"async\" class=\"aligncenter size-full wp-image-241630\" src=\"https:\/\/hashtag.al\/wp-content\/uploads\/2018\/10\/berisha-lirie.jpg\" alt=\"\" width=\"834\" height=\"960\" srcset=\"https:\/\/www.hashtag.al\/wp-content\/uploads\/2018\/10\/berisha-lirie.jpg 834w, https:\/\/www.hashtag.al\/wp-content\/uploads\/2018\/10\/berisha-lirie-261x300.jpg 261w, https:\/\/www.hashtag.al\/wp-content\/uploads\/2018\/10\/berisha-lirie-768x884.jpg 768w\" sizes=\"auto, (max-width: 834px) 100vw, 834px\" \/><\/span><\/p>\n<p><span style=\"color: #000000;\">Sot \u00ebsht\u00eb nj\u00eb dit\u00eb e ve\u00e7ant\u00eb p\u00ebr ish-kryeministrin Sali Berisha. K\u00ebt\u00eb t\u00eb h\u00ebn\u00eb, ai feston 74-vjetorin e lindjes s\u00eb tij.<\/span><\/p>\n<p><span style=\"color: #000000;\">Vet\u00eb ish-kryeministri, ka falenderuar familjar\u00ebt dhe miqt\u00eb, n\u00eb k\u00ebt\u00eb dit\u00eb t\u00eb sh\u00ebnuar p\u00ebr t\u00eb.<\/span><\/p>\n<p><span style=\"color: #000000;\"><em>&#8220;Sot dita e te gjitha diteve te mia, 74 vjetori i lindjes! Falenderim te perzemert dhe mirenjohje te pakufishme Zotit, familjareve te mi dhe ju miq te dashur per udhetimin mahnites qe me keni dhuruar!&#8221;<\/em>, shkruan Berisha, i cili publikon nj\u00eb foto ku shihet p\u00ebrkrah bashk\u00ebshortes s\u00eb tij, Liries.<\/span><\/p>\n<p><span style=\"color: #000000;\">Edhe pse 74-vje\u00e7, Berisha duket t\u00eb jet\u00eb shum\u00eb n\u00eb form\u00eb me ecjet q\u00eb b\u00ebn n\u00eb bregdet. Jo shum\u00eb larg, por vet\u00ebm nj\u00eb dit\u00eb m\u00eb par\u00eb, Berisha publikoi nj\u00eb foto nd\u00ebrsa b\u00ebnte ecje n\u00eb bregdetin e Gjirit t\u00eb Lalzit dhe njoftonte \u00e7mimin m\u00eb t\u00eb ri q\u00eb kishte marr\u00eb nga nj\u00eb aplikacion.<\/span><\/p>\n<p><span style=\"color: #000000;\"><em>\u201c8000 kate, ne re!<\/em><\/span><\/p>\n<p><span style=\"color: #000000;\"><em>\u00c7mim i ve\u00e7ante ne nje moment te ve\u00e7ante nga Fitbit! \u201c<\/em>, shkruan Berisha krahas fotove t\u00eb publikuara.<\/span><\/p>\n<p><span style=\"color: #000000;\">Sigurisht q\u00eb kjo energji e ish-kryeministrit lidhet edhe me t\u00eb shkuar\u00ebn e tij si mjek. N\u00eb vitet \u201990, ai braktisi karrier\u00ebn e tij kardiolog dhe si profesor n\u00eb Faultetin e Mjek\u00ebsis\u00eb n\u00eb Tiran\u00eb, p\u00ebr t\u2019u b\u00ebr\u00eb lider i Partis\u00eb Demokratike.<\/span><\/p>\n<p><span style=\"color: #000000;\">Ai sh\u00ebrbeu si presidenti i dyt\u00eb i Shqip\u00ebris\u00eb nga viti 1992-1997 dhe si kryeminist\u00ebr nga viti 2005 deri n\u00eb vitin 2013, vit kur humbi zgjedhjet p\u00ebrball\u00eb Edi Ram\u00ebs.<\/span><\/p>\n<p><span style=\"color: #000000;\">Deri m\u00eb sot, Berisha \u00ebsht\u00eb lideri q\u00eb ka q\u00ebndruar m\u00eb gjat\u00eb n\u00eb pushtet gjat\u00eb periudh\u00ebs s\u00eb zgjedhjeve t\u00eb lira dhe i vetmi president n\u00eb vend q\u00eb \u00ebsht\u00eb zgjedhur dy her\u00eb.<\/span><\/p>\n<p>&nbsp;<\/p>\n<p><span style=\"color: #000000;\"><img loading=\"lazy\" decoding=\"async\" class=\"aligncenter size-full wp-image-241581\" src=\"https:\/\/hashtag.al\/wp-content\/uploads\/2018\/10\/berisha-2-1.jpg\" alt=\"\" width=\"804\" height=\"960\" srcset=\"https:\/\/www.hashtag.al\/wp-content\/uploads\/2018\/10\/berisha-2-1.jpg 804w, https:\/\/www.hashtag.al\/wp-content\/uploads\/2018\/10\/berisha-2-1-251x300.jpg 251w, https:\/\/www.hashtag.al\/wp-content\/uploads\/2018\/10\/berisha-2-1-768x917.jpg 768w\" sizes=\"auto, (max-width: 804px) 100vw, 804px\" \/> <img loading=\"lazy\" decoding=\"async\" class=\"aligncenter size-full wp-image-241582\" src=\"https:\/\/hashtag.al\/wp-content\/uploads\/2018\/10\/berisha-3.jpg\" alt=\"\" width=\"720\" height=\"960\" srcset=\"https:\/\/www.hashtag.al\/wp-content\/uploads\/2018\/10\/berisha-3.jpg 720w, https:\/\/www.hashtag.al\/wp-content\/uploads\/2018\/10\/berisha-3-225x300.jpg 225w\" sizes=\"auto, (max-width: 720px) 100vw, 720px\" \/><\/span><\/p>\n","protected":false,"gt_translate_keys":[{"key":"rendered","format":"html"}]},"excerpt":{"rendered":"<p>Sot \u00ebsht\u00eb nj\u00eb dit\u00eb e ve\u00e7ant\u00eb p\u00ebr ish-kryeministrin Sali Berisha. K\u00ebt\u00eb t\u00eb h\u00ebn\u00eb, ai feston 74-vjetorin e lindjes s\u00eb tij. Vet\u00eb ish-kryeministri, ka falenderuar familjar\u00ebt dhe miqt\u00eb, n\u00eb k\u00ebt\u00eb dit\u00eb t\u00eb sh\u00ebnuar p\u00ebr t\u00eb. &#8220;Sot dita e te gjitha diteve te mia, 74 vjetori i lindjes! Falenderim te perzemert dhe mirenjohje te pakufishme Zotit, familjareve [&hellip;]<\/p>\n","protected":false,"gt_translate_keys":[{"key":"rendered","format":"html"}]},"author":30,"featured_media":241630,"comment_status":"open","ping_status":"open","sticky":false,"template":"","format":"standard","meta":{"footnotes":""},"categories":[65],"tags":[],"class_list":["post-241580","post","type-post","status-publish","format-standard","has-post-thumbnail","hentry","category-lajme"],"gt_translate_keys":[{"key":"link","format":"url"}],"_links":{"self":[{"href":"https:\/\/www.hashtag.al\/index.php\/wp-json\/wp\/v2\/posts\/241580","targetHints":{"allow":["GET"]}}],"collection":[{"href":"https:\/\/www.hashtag.al\/index.php\/wp-json\/wp\/v2\/posts"}],"about":[{"href":"https:\/\/www.hashtag.al\/index.php\/wp-json\/wp\/v2\/types\/post"}],"author":[{"embeddable":true,"href":"https:\/\/www.hashtag.al\/index.php\/wp-json\/wp\/v2\/users\/30"}],"replies":[{"embeddable":true,"href":"https:\/\/www.hashtag.al\/index.php\/wp-json\/wp\/v2\/comments?post=241580"}],"version-history":[{"count":0,"href":"https:\/\/www.hashtag.al\/index.php\/wp-json\/wp\/v2\/posts\/241580\/revisions"}],"wp:featuredmedia":[{"embeddable":true,"href":"https:\/\/www.hashtag.al\/index.php\/wp-json\/wp\/v2\/media\/241630"}],"wp:attachment":[{"href":"https:\/\/www.hashtag.al\/index.php\/wp-json\/wp\/v2\/media?parent=241580"}],"wp:term":[{"taxonomy":"category","embeddable":true,"href":"https:\/\/www.hashtag.al\/index.php\/wp-json\/wp\/v2\/categories?post=241580"},{"taxonomy":"post_tag","embeddable":true,"href":"https:\/\/www.hashtag.al\/index.php\/wp-json\/wp\/v2\/tags?post=241580"}],"curies":[{"name":"wp","href":"https:\/\/api.w.org\/{rel}","templated":true}]}}