{"id":241344,"date":"2018-10-14T09:18:09","date_gmt":"2018-10-14T07:18:09","guid":{"rendered":"https:\/\/hashtag.al\/?p=241344"},"modified":"2018-10-14T09:21:56","modified_gmt":"2018-10-14T07:21:56","slug":"shperthim-ne-seline-e-partise-lega-nord-salvini-ata-qe-vune-bomben-ishin-anarkiste","status":"publish","type":"post","link":"https:\/\/www.hashtag.al\/index.php\/2018\/10\/14\/shperthim-ne-seline-e-partise-lega-nord-salvini-ata-qe-vune-bomben-ishin-anarkiste\/","title":{"rendered":"Shp\u00ebrthim n\u00eb selin\u00eb e partis\u00eb &#8220;Lega Nord&#8221;, Salvini&#8221;: Ata q\u00eb vun\u00eb bomb\u00ebn ishin anarkist\u00eb","gt_translate_keys":[{"key":"rendered","format":"text"}]},"content":{"rendered":"<p><img loading=\"lazy\" decoding=\"async\" class=\"alignnone size-full wp-image-241345\" src=\"https:\/\/hashtag.al\/wp-content\/uploads\/2018\/10\/shperthimi.jpg\" alt=\"\" width=\"1381\" height=\"2000\" srcset=\"https:\/\/www.hashtag.al\/wp-content\/uploads\/2018\/10\/shperthimi.jpg 1381w, https:\/\/www.hashtag.al\/wp-content\/uploads\/2018\/10\/shperthimi-207x300.jpg 207w, https:\/\/www.hashtag.al\/wp-content\/uploads\/2018\/10\/shperthimi-707x1024.jpg 707w, https:\/\/www.hashtag.al\/wp-content\/uploads\/2018\/10\/shperthimi-768x1112.jpg 768w, https:\/\/www.hashtag.al\/wp-content\/uploads\/2018\/10\/shperthimi-1061x1536.jpg 1061w\" sizes=\"auto, (max-width: 1381px) 100vw, 1381px\" \/><\/p>\n<p><span style=\"color: #000000;\">Gjat\u00eb mesnat\u00ebs n\u00eb Itali ka ndodhur nj\u00eb shp\u00ebrthim n\u00eb selin\u00eb e partis\u00eb &#8220;Lega Nord&#8221; n\u00eb Ala t\u00eb Trentinos jugore. Nga hetimet paraprake dyshohet se shp\u00ebrthimi ka ardhur nga nj\u00eb bomb\u00eb artizanale, dy p\u00ebrgjegj\u00ebsit e t\u00eb cil\u00ebs u identifikuan nd\u00ebrkoh\u00eb policia po punon p\u00ebr kapjen e tyre.<\/span><\/p>\n<p><span style=\"color: #000000;\">\u201cIshin anarkist\u00eb. Un\u00eb jam krenar p\u00ebr policin\u00eb dhe p\u00ebr militant\u00ebt ton\u00eb t\u00eb jasht\u00ebzakonsh\u00ebm q\u00eb kan\u00eb pastruar \u00e7do gj\u00eb tanim\u00eb. Disa individ\u00eb duan q\u00eb t\u00eb reagojn\u00eb me dhun\u00eb, por kjo nuk do t\u00eb ndaloj\u00eb buz\u00ebqeshjen ton\u00eb. <\/span><\/p>\n<p><span style=\"color: #000000;\">Pasditen e sotme un\u00eb do t\u00eb jem n\u00eb Trentino Alto Adige p\u00ebr t\u00eb p\u00ebrqafuar t\u00eb gjith\u00eb t\u00eb pranishimit. Mir\u00ebnjohje p\u00ebr\u00a0policin\u00eb\u2026\u201d, tha Salvini.\u00a0\u00a0Selia pritej q\u00eb t\u00eb vizitohej sot nga Salvini p\u00ebr fushat\u00ebn zgjedhore.\u00a0<\/span><\/p>\n<p><img loading=\"lazy\" decoding=\"async\" class=\"alignnone size-full wp-image-228779\" src=\"https:\/\/hashtag.al\/wp-content\/uploads\/2018\/09\/Matteo-Salvini.jpg\" alt=\"\" width=\"1200\" height=\"675\" \/><\/p>\n<p><img loading=\"lazy\" decoding=\"async\" class=\"alignnone size-full wp-image-241350\" src=\"https:\/\/hashtag.al\/wp-content\/uploads\/2018\/10\/shperthimi-salvini.jpg\" alt=\"\" width=\"1179\" height=\"2000\" srcset=\"https:\/\/www.hashtag.al\/wp-content\/uploads\/2018\/10\/shperthimi-salvini.jpg 1179w, https:\/\/www.hashtag.al\/wp-content\/uploads\/2018\/10\/shperthimi-salvini-177x300.jpg 177w, https:\/\/www.hashtag.al\/wp-content\/uploads\/2018\/10\/shperthimi-salvini-604x1024.jpg 604w, https:\/\/www.hashtag.al\/wp-content\/uploads\/2018\/10\/shperthimi-salvini-768x1303.jpg 768w, https:\/\/www.hashtag.al\/wp-content\/uploads\/2018\/10\/shperthimi-salvini-905x1536.jpg 905w\" sizes=\"auto, (max-width: 1179px) 100vw, 1179px\" \/><\/p>\n","protected":false,"gt_translate_keys":[{"key":"rendered","format":"html"}]},"excerpt":{"rendered":"<p>Gjat\u00eb mesnat\u00ebs n\u00eb Itali ka ndodhur nj\u00eb shp\u00ebrthim n\u00eb selin\u00eb e partis\u00eb &#8220;Lega Nord&#8221; n\u00eb Ala t\u00eb Trentinos jugore. Nga hetimet paraprake dyshohet se shp\u00ebrthimi ka ardhur nga nj\u00eb bomb\u00eb artizanale, dy p\u00ebrgjegj\u00ebsit e t\u00eb cil\u00ebs u identifikuan nd\u00ebrkoh\u00eb policia po punon p\u00ebr kapjen e tyre. \u201cIshin anarkist\u00eb. Un\u00eb jam krenar p\u00ebr policin\u00eb dhe p\u00ebr [&hellip;]<\/p>\n","protected":false,"gt_translate_keys":[{"key":"rendered","format":"html"}]},"author":30,"featured_media":241345,"comment_status":"open","ping_status":"open","sticky":false,"template":"","format":"standard","meta":{"footnotes":""},"categories":[6],"tags":[],"class_list":["post-241344","post","type-post","status-publish","format-standard","has-post-thumbnail","hentry","category-nderkombetare"],"gt_translate_keys":[{"key":"link","format":"url"}],"_links":{"self":[{"href":"https:\/\/www.hashtag.al\/index.php\/wp-json\/wp\/v2\/posts\/241344","targetHints":{"allow":["GET"]}}],"collection":[{"href":"https:\/\/www.hashtag.al\/index.php\/wp-json\/wp\/v2\/posts"}],"about":[{"href":"https:\/\/www.hashtag.al\/index.php\/wp-json\/wp\/v2\/types\/post"}],"author":[{"embeddable":true,"href":"https:\/\/www.hashtag.al\/index.php\/wp-json\/wp\/v2\/users\/30"}],"replies":[{"embeddable":true,"href":"https:\/\/www.hashtag.al\/index.php\/wp-json\/wp\/v2\/comments?post=241344"}],"version-history":[{"count":0,"href":"https:\/\/www.hashtag.al\/index.php\/wp-json\/wp\/v2\/posts\/241344\/revisions"}],"wp:featuredmedia":[{"embeddable":true,"href":"https:\/\/www.hashtag.al\/index.php\/wp-json\/wp\/v2\/media\/241345"}],"wp:attachment":[{"href":"https:\/\/www.hashtag.al\/index.php\/wp-json\/wp\/v2\/media?parent=241344"}],"wp:term":[{"taxonomy":"category","embeddable":true,"href":"https:\/\/www.hashtag.al\/index.php\/wp-json\/wp\/v2\/categories?post=241344"},{"taxonomy":"post_tag","embeddable":true,"href":"https:\/\/www.hashtag.al\/index.php\/wp-json\/wp\/v2\/tags?post=241344"}],"curies":[{"name":"wp","href":"https:\/\/api.w.org\/{rel}","templated":true}]}}