{"id":241071,"date":"2018-10-13T08:40:18","date_gmt":"2018-10-13T06:40:18","guid":{"rendered":"https:\/\/hashtag.al\/?p=241071"},"modified":"2018-10-12T23:30:48","modified_gmt":"2018-10-12T21:30:48","slug":"gjermania-rasti-khashoggi-te-zbardhet-ne-menyre-te-shpejte-dhe-te-detajuar","status":"publish","type":"post","link":"https:\/\/www.hashtag.al\/index.php\/2018\/10\/13\/gjermania-rasti-khashoggi-te-zbardhet-ne-menyre-te-shpejte-dhe-te-detajuar\/","title":{"rendered":"Gjermania: Rasti Khashoggi t\u00eb zbardhet n\u00eb m\u00ebnyr\u00eb t\u00eb shpejt\u00eb dhe t\u00eb detajuar","gt_translate_keys":[{"key":"rendered","format":"text"}]},"content":{"rendered":"<p><img loading=\"lazy\" decoding=\"async\" class=\"aligncenter size-full wp-image-241072\" src=\"https:\/\/hashtag.al\/wp-content\/uploads\/2018\/10\/thumbs_b_c_96207ceb8932b5429b400cbd24aede75.jpg\" alt=\"\" width=\"862\" height=\"485\" srcset=\"https:\/\/www.hashtag.al\/wp-content\/uploads\/2018\/10\/thumbs_b_c_96207ceb8932b5429b400cbd24aede75.jpg 862w, https:\/\/www.hashtag.al\/wp-content\/uploads\/2018\/10\/thumbs_b_c_96207ceb8932b5429b400cbd24aede75-300x169.jpg 300w, https:\/\/www.hashtag.al\/wp-content\/uploads\/2018\/10\/thumbs_b_c_96207ceb8932b5429b400cbd24aede75-768x432.jpg 768w\" sizes=\"auto, (max-width: 862px) 100vw, 862px\" \/><\/p>\n<p>&#8220;Dyshimet jan\u00eb t\u00eb tmerrshme. Ky rast duhet t\u00eb zbardhet n\u00eb m\u00ebnyr\u00eb t\u00eb shpejt\u00eb dhe t\u00eb detajuar. Edhe Arabia Saudite duhet t\u00eb marr\u00eb pjes\u00eb n\u00eb m\u00ebnyr\u00eb gjithp\u00ebrfshir\u00ebse n\u00eb k\u00ebt\u00eb ndriqim\u201d, tha Steibert<\/p>\n<p>Z\u00ebdh\u00ebn\u00ebsi i qeveris\u00eb gjermane, Steffen Seibert, ka deklaruar se duhet t\u00eb zbardhet n\u00eb m\u00ebnyr\u00eb t\u00eb shpejt\u00eb dhe t\u00eb detajuar rasti i zhdukjes s\u00eb gazetarit t\u00eb Arabis\u00eb Saudite, Jamal Khashoggi.<\/p>\n<p>N\u00eb nj\u00eb konferenc\u00eb p\u00ebr media n\u00eb Berlin, Seibert foli n\u00eb lidhje me zhdukjen e gazetarit Khashoggi. Ai theksoi se qeveria gjermane shpreh shqet\u00ebsim t\u00eb thell\u00eb n\u00eb lidhje me zhdukjen e gazetarit Khashoggi.<\/p>\n<p>&#8220;Dyshimet jan\u00eb t\u00eb tmerrshme. Ky rast duhet t\u00eb zbardhet n\u00eb m\u00ebnyr\u00eb t\u00eb shpejt\u00eb dhe t\u00eb detajuar. Edhe Arabia Saudite duhet t\u00eb marr\u00eb pjes\u00eb n\u00eb m\u00ebnyr\u00eb gjithp\u00ebrfshir\u00ebse n\u00eb k\u00ebt\u00eb ndriqim\u201d, tha Steibert.<\/p>\n<p>Edhe zv\/z\u00ebdh\u00ebn\u00ebsi i Ministris\u00eb s\u00eb Pun\u00ebve t\u00eb Jashtme t\u00eb Gjermanis\u00eb, Rainer Breul, deklaroi se presin nj\u00eb zbardhje t\u00eb shpejt\u00eb dhe t\u00eb besueshme n\u00eb lidhje me rastin.<\/p>\n<p>\u201cMinistri i Pun\u00ebve t\u00eb Jashtme ka shprehur k\u00ebt\u00eb pritje n\u00eb takimin e mbajtur n\u00eb fillim t\u00eb jav\u00ebs me ambasadorin e Arabis\u00eb Saudite n\u00eb Berlin\u201d, tha Breul.<\/p>\n<p>Gazetari dhe kolumnisti i gazet\u00ebs &#8220;The Washington Post&#8221;, Khashoggi u zhduk m\u00eb 2 tetor, pasi kishte hyr\u00eb n\u00eb kompleksin e konsullat\u00ebs s\u00eb Arabis\u00eb Saudite n\u00eb Stamboll. Ai ishte i njohur si kritikues i politikave q\u00eb udh\u00ebheq\u00eb qeveria aktuale saudite.<\/p>\n","protected":false,"gt_translate_keys":[{"key":"rendered","format":"html"}]},"excerpt":{"rendered":"<p>&#8220;Dyshimet jan\u00eb t\u00eb tmerrshme. Ky rast duhet t\u00eb zbardhet n\u00eb m\u00ebnyr\u00eb t\u00eb shpejt\u00eb dhe t\u00eb detajuar. Edhe Arabia Saudite duhet t\u00eb marr\u00eb pjes\u00eb n\u00eb m\u00ebnyr\u00eb gjithp\u00ebrfshir\u00ebse n\u00eb k\u00ebt\u00eb ndriqim\u201d, tha Steibert Z\u00ebdh\u00ebn\u00ebsi i qeveris\u00eb gjermane, Steffen Seibert, ka deklaruar se duhet t\u00eb zbardhet n\u00eb m\u00ebnyr\u00eb t\u00eb shpejt\u00eb dhe t\u00eb detajuar rasti i zhdukjes s\u00eb gazetarit [&hellip;]<\/p>\n","protected":false,"gt_translate_keys":[{"key":"rendered","format":"html"}]},"author":32,"featured_media":241072,"comment_status":"open","ping_status":"open","sticky":false,"template":"","format":"standard","meta":{"footnotes":""},"categories":[6],"tags":[],"class_list":["post-241071","post","type-post","status-publish","format-standard","has-post-thumbnail","hentry","category-nderkombetare"],"gt_translate_keys":[{"key":"link","format":"url"}],"_links":{"self":[{"href":"https:\/\/www.hashtag.al\/index.php\/wp-json\/wp\/v2\/posts\/241071","targetHints":{"allow":["GET"]}}],"collection":[{"href":"https:\/\/www.hashtag.al\/index.php\/wp-json\/wp\/v2\/posts"}],"about":[{"href":"https:\/\/www.hashtag.al\/index.php\/wp-json\/wp\/v2\/types\/post"}],"author":[{"embeddable":true,"href":"https:\/\/www.hashtag.al\/index.php\/wp-json\/wp\/v2\/users\/32"}],"replies":[{"embeddable":true,"href":"https:\/\/www.hashtag.al\/index.php\/wp-json\/wp\/v2\/comments?post=241071"}],"version-history":[{"count":0,"href":"https:\/\/www.hashtag.al\/index.php\/wp-json\/wp\/v2\/posts\/241071\/revisions"}],"wp:featuredmedia":[{"embeddable":true,"href":"https:\/\/www.hashtag.al\/index.php\/wp-json\/wp\/v2\/media\/241072"}],"wp:attachment":[{"href":"https:\/\/www.hashtag.al\/index.php\/wp-json\/wp\/v2\/media?parent=241071"}],"wp:term":[{"taxonomy":"category","embeddable":true,"href":"https:\/\/www.hashtag.al\/index.php\/wp-json\/wp\/v2\/categories?post=241071"},{"taxonomy":"post_tag","embeddable":true,"href":"https:\/\/www.hashtag.al\/index.php\/wp-json\/wp\/v2\/tags?post=241071"}],"curies":[{"name":"wp","href":"https:\/\/api.w.org\/{rel}","templated":true}]}}