{"id":240987,"date":"2018-10-12T19:06:36","date_gmt":"2018-10-12T17:06:36","guid":{"rendered":"https:\/\/hashtag.al\/?p=240987"},"modified":"2018-10-12T19:06:36","modified_gmt":"2018-10-12T17:06:36","slug":"240987","status":"publish","type":"post","link":"https:\/\/www.hashtag.al\/index.php\/2018\/10\/12\/240987\/","title":{"rendered":"Vrasjet e fundit, Manja: Nuk mund t\u00eb parandalohen, statistikat flasin p\u00ebr r\u00ebnie","gt_translate_keys":[{"key":"rendered","format":"text"}]},"content":{"rendered":"<div class=\"firstP\">\n<p><img loading=\"lazy\" decoding=\"async\" class=\"alignnone  wp-image-214876\" src=\"https:\/\/hashtag.al\/wp-content\/uploads\/2018\/07\/ulsimanja.jpg\" alt=\"\" width=\"896\" height=\"569\" \/><\/p>\n<p><span style=\"color: #000000;\">Deputeti i PS-s\u00eb Ulsi Manja ka folur n\u00eb lidhje me gjendjen e kriminatetit n\u00eb t\u00eb cil\u00ebn ndodhet vendi yn\u00eb. P\u00ebr vrasjet e fundit n\u00eb vend\u00a0Manja\u00a0 u shpreh n\u00eb \u201cTop Talk\u201d, se ato kan\u00eb qen\u00eb konflikte t\u00eb \u00e7astit dhe \u00ebsht\u00eb e pamundur t\u00eb parandalohen.<\/span><\/p>\n<p><span style=\"color: #000000;\">Sipas tij\u00a0perceptimi popullor p\u00ebr kriminalitetin \u00ebsht\u00eb i nxitur nga opozita.<\/span><\/p>\n<\/div>\n<p><span style=\"color: #000000;\">\u201cStatistikat flasin p\u00ebr nj\u00eb r\u00ebnie t\u00eb kriminalitetit, nd\u00ebrsa perceptimi popullor \u00ebsht\u00eb i nxitur nga opozita. \u00cbsht\u00eb shum\u00eb i r\u00ebnd\u00ebsish\u00ebm reagimi i agjencive ligjzbatuese t\u00eb shtetit dhe jo vet\u00ebm n\u00eb ngjarjen e Bllokut, por edhe at\u00eb t\u00eb Matit, forca e shtetit ka qen\u00eb n\u00eb parametrat e larta\u201d, tha Ulsi Manja.<\/span><\/p>\n<p><img loading=\"lazy\" decoding=\"async\" class=\"alignnone  wp-image-129478\" src=\"https:\/\/hashtag.al\/wp-content\/uploads\/2017\/05\/ulsi-manja.jpg\" alt=\"\" width=\"804\" height=\"471\" \/><\/p>\n","protected":false,"gt_translate_keys":[{"key":"rendered","format":"html"}]},"excerpt":{"rendered":"<p>Deputeti i PS-s\u00eb Ulsi Manja ka folur n\u00eb lidhje me gjendjen e kriminatetit n\u00eb t\u00eb cil\u00ebn ndodhet vendi yn\u00eb. P\u00ebr vrasjet e fundit n\u00eb vend\u00a0Manja\u00a0 u shpreh n\u00eb \u201cTop Talk\u201d, se ato kan\u00eb qen\u00eb konflikte t\u00eb \u00e7astit dhe \u00ebsht\u00eb e pamundur t\u00eb parandalohen. Sipas tij\u00a0perceptimi popullor p\u00ebr kriminalitetin \u00ebsht\u00eb i nxitur nga opozita. \u201cStatistikat flasin [&hellip;]<\/p>\n","protected":false,"gt_translate_keys":[{"key":"rendered","format":"html"}]},"author":30,"featured_media":214876,"comment_status":"open","ping_status":"open","sticky":false,"template":"","format":"standard","meta":{"footnotes":""},"categories":[65],"tags":[],"class_list":["post-240987","post","type-post","status-publish","format-standard","has-post-thumbnail","hentry","category-lajme"],"gt_translate_keys":[{"key":"link","format":"url"}],"_links":{"self":[{"href":"https:\/\/www.hashtag.al\/index.php\/wp-json\/wp\/v2\/posts\/240987","targetHints":{"allow":["GET"]}}],"collection":[{"href":"https:\/\/www.hashtag.al\/index.php\/wp-json\/wp\/v2\/posts"}],"about":[{"href":"https:\/\/www.hashtag.al\/index.php\/wp-json\/wp\/v2\/types\/post"}],"author":[{"embeddable":true,"href":"https:\/\/www.hashtag.al\/index.php\/wp-json\/wp\/v2\/users\/30"}],"replies":[{"embeddable":true,"href":"https:\/\/www.hashtag.al\/index.php\/wp-json\/wp\/v2\/comments?post=240987"}],"version-history":[{"count":0,"href":"https:\/\/www.hashtag.al\/index.php\/wp-json\/wp\/v2\/posts\/240987\/revisions"}],"wp:featuredmedia":[{"embeddable":true,"href":"https:\/\/www.hashtag.al\/index.php\/wp-json\/"}],"wp:attachment":[{"href":"https:\/\/www.hashtag.al\/index.php\/wp-json\/wp\/v2\/media?parent=240987"}],"wp:term":[{"taxonomy":"category","embeddable":true,"href":"https:\/\/www.hashtag.al\/index.php\/wp-json\/wp\/v2\/categories?post=240987"},{"taxonomy":"post_tag","embeddable":true,"href":"https:\/\/www.hashtag.al\/index.php\/wp-json\/wp\/v2\/tags?post=240987"}],"curies":[{"name":"wp","href":"https:\/\/api.w.org\/{rel}","templated":true}]}}