{"id":240572,"date":"2018-10-11T19:23:12","date_gmt":"2018-10-11T17:23:12","guid":{"rendered":"https:\/\/hashtag.al\/?p=240572"},"modified":"2018-10-11T19:25:43","modified_gmt":"2018-10-11T17:25:43","slug":"autori-i-dyshuar-i-vrasjes-se-trefishte-ne-mat-ish-kryetar-i-ps-ne-kete-zone","status":"publish","type":"post","link":"https:\/\/www.hashtag.al\/index.php\/2018\/10\/11\/autori-i-dyshuar-i-vrasjes-se-trefishte-ne-mat-ish-kryetar-i-ps-ne-kete-zone\/","title":{"rendered":"Autori i dyshuar i vrasjes s\u00eb trefisht\u00eb n\u00eb Mat, ish-kryetar i PS n\u00eb k\u00ebt\u00eb zon\u00eb","gt_translate_keys":[{"key":"rendered","format":"text"}]},"content":{"rendered":"<p><img loading=\"lazy\" decoding=\"async\" class=\"alignnone size-full wp-image-240573\" src=\"https:\/\/hashtag.al\/wp-content\/uploads\/2018\/10\/kujtim.jpg\" alt=\"\" width=\"910\" height=\"459\" srcset=\"https:\/\/www.hashtag.al\/wp-content\/uploads\/2018\/10\/kujtim.jpg 910w, https:\/\/www.hashtag.al\/wp-content\/uploads\/2018\/10\/kujtim-300x151.jpg 300w, https:\/\/www.hashtag.al\/wp-content\/uploads\/2018\/10\/kujtim-768x387.jpg 768w\" sizes=\"auto, (max-width: 910px) 100vw, 910px\" \/><\/p>\n<p>Nj\u00eb ngjarje e r\u00ebnd\u00eb ndodhi mesdit\u00ebn e sotme n\u00eb Mat, pasi mbet\u00ebn t\u00eb vrar\u00eb tre punonj\u00ebs bashkie dhe u plagos nj\u00eb tjet\u00ebr. Ngjarja ndodhi n\u00eb\u00a0fshatin\u00a0Sh\u00eblli t\u00eb Matit ku mbeti i vrar\u00eb Mentor Hoxha,\u00a0 Erzen Aliaj dhe Hamit Bu\u00e7i. I plagosuri \u00ebsht\u00eb kolegu i Astrit Hani i cili ndodhet n\u00eb spital duke marr\u00eb mjekim.<\/p>\n<p>Autori ka q\u00eblluar me arm\u00eb zjarri ndaj 4 t\u00eb sip\u00ebrp\u00ebmendurve teksa k\u00ebta t\u00eb fundi ishin duke ngr\u00ebn\u00eb drek\u00eb n\u00eb nj\u00eb lokal.\u00a0\u00a0Sipas t\u00eb dh\u00ebnave nga policia autori i dyshuar i k\u00ebsaj ngjarje t\u00eb r\u00ebnd\u00eb \u00ebsht\u00eb Kujtim Koxha, i cili \u00ebsht\u00eb arrestuar nga policia.<\/p>\n<p><strong>Kush \u00ebsht\u00eb Kujtim Koxha?<\/strong><\/p>\n<p>Kujtim Koxha \u00ebsht\u00eb nj\u00eb em\u00ebr i njohur , pasi ka qen\u00eb kryetar\u00eb i Partis\u00eb Socialiste n\u00eb Mat deri n\u00eb muajin Janar. Ai \u00ebsht\u00eb arrestuar rreth nj\u00eb or\u00eb pasi kreu krimin.<\/p>\n<p><img loading=\"lazy\" decoding=\"async\" class=\"alignnone size-full wp-image-240560\" src=\"https:\/\/hashtag.al\/wp-content\/uploads\/2018\/10\/banesa.png\" alt=\"\" width=\"731\" height=\"387\" srcset=\"https:\/\/www.hashtag.al\/wp-content\/uploads\/2018\/10\/banesa.png 731w, https:\/\/www.hashtag.al\/wp-content\/uploads\/2018\/10\/banesa-300x159.png 300w\" sizes=\"auto, (max-width: 731px) 100vw, 731px\" \/><\/p>\n<div class=\"td-a-rec td-a-rec-id-content_inline \">\n<p>&nbsp;<\/p>\n<div id=\"beacon_8ba3635e5a\"><img loading=\"lazy\" decoding=\"async\" src=\"http:\/\/ads.panorama.com.al\/www\/delivery\/lg.php?bannerid=531&amp;campaignid=447&amp;zoneid=480&amp;loc=http%3A%2F%2Fwww.panorama.com.al%2Fvrau-tre-persona-dhe-plasoi-nje-tjeter-autori-i-krimit-eshte-kryetar-i-ps-ne-mat%25e2%2580%258b%2F&amp;referer=http%3A%2F%2Fwww.panorama.com.al%2F&amp;cb=8ba3635e5a\" alt=\"\" width=\"0\" height=\"0\" \/><\/div>\n<p>&nbsp;<\/p>\n<\/div>\n<p>&nbsp;<\/p>\n","protected":false,"gt_translate_keys":[{"key":"rendered","format":"html"}]},"excerpt":{"rendered":"<p>Nj\u00eb ngjarje e r\u00ebnd\u00eb ndodhi mesdit\u00ebn e sotme n\u00eb Mat, pasi mbet\u00ebn t\u00eb vrar\u00eb tre punonj\u00ebs bashkie dhe u plagos nj\u00eb tjet\u00ebr. Ngjarja ndodhi n\u00eb\u00a0fshatin\u00a0Sh\u00eblli t\u00eb Matit ku mbeti i vrar\u00eb Mentor Hoxha,\u00a0 Erzen Aliaj dhe Hamit Bu\u00e7i. I plagosuri \u00ebsht\u00eb kolegu i Astrit Hani i cili ndodhet n\u00eb spital duke marr\u00eb mjekim. Autori ka [&hellip;]<\/p>\n","protected":false,"gt_translate_keys":[{"key":"rendered","format":"html"}]},"author":30,"featured_media":240573,"comment_status":"open","ping_status":"open","sticky":false,"template":"","format":"standard","meta":{"footnotes":""},"categories":[65],"tags":[],"class_list":["post-240572","post","type-post","status-publish","format-standard","has-post-thumbnail","hentry","category-lajme"],"gt_translate_keys":[{"key":"link","format":"url"}],"_links":{"self":[{"href":"https:\/\/www.hashtag.al\/index.php\/wp-json\/wp\/v2\/posts\/240572","targetHints":{"allow":["GET"]}}],"collection":[{"href":"https:\/\/www.hashtag.al\/index.php\/wp-json\/wp\/v2\/posts"}],"about":[{"href":"https:\/\/www.hashtag.al\/index.php\/wp-json\/wp\/v2\/types\/post"}],"author":[{"embeddable":true,"href":"https:\/\/www.hashtag.al\/index.php\/wp-json\/wp\/v2\/users\/30"}],"replies":[{"embeddable":true,"href":"https:\/\/www.hashtag.al\/index.php\/wp-json\/wp\/v2\/comments?post=240572"}],"version-history":[{"count":0,"href":"https:\/\/www.hashtag.al\/index.php\/wp-json\/wp\/v2\/posts\/240572\/revisions"}],"wp:featuredmedia":[{"embeddable":true,"href":"https:\/\/www.hashtag.al\/index.php\/wp-json\/wp\/v2\/media\/240573"}],"wp:attachment":[{"href":"https:\/\/www.hashtag.al\/index.php\/wp-json\/wp\/v2\/media?parent=240572"}],"wp:term":[{"taxonomy":"category","embeddable":true,"href":"https:\/\/www.hashtag.al\/index.php\/wp-json\/wp\/v2\/categories?post=240572"},{"taxonomy":"post_tag","embeddable":true,"href":"https:\/\/www.hashtag.al\/index.php\/wp-json\/wp\/v2\/tags?post=240572"}],"curies":[{"name":"wp","href":"https:\/\/api.w.org\/{rel}","templated":true}]}}